{"id":4818,"date":"2020-05-25T10:24:16","date_gmt":"2020-05-25T08:24:16","guid":{"rendered":"https:\/\/www.canalchat.com\/fr\/?p=4818"},"modified":"2023-07-28T15:46:00","modified_gmt":"2023-07-28T13:46:00","slug":"une-visioconference-pour-la-paix","status":"publish","type":"post","link":"https:\/\/www.canalchat.com\/fr\/une-visioconference-pour-la-paix\/","title":{"rendered":"Une visioconf\u00e9rence pour la Paix"},"content":{"rendered":"\r\n<figure class=\"wp-block-image size-large\"><img loading=\"lazy\" decoding=\"async\" width=\"1024\" height=\"576\" src=\"https:\/\/www.canalchat.com\/fr\/wp-content\/uploads\/2020\/07\/JPR-wordpress-1024x575-1.jpg\" alt=\"une visioconf\u00e9rence men\u00e9e par jean-Pierre Raffarin\" class=\"wp-image-4825\" srcset=\"https:\/\/www.canalchat.com\/fr\/wp-content\/uploads\/2020\/07\/JPR-wordpress-1024x575-1.jpg 1024w, https:\/\/www.canalchat.com\/fr\/wp-content\/uploads\/2020\/07\/JPR-wordpress-1024x575-1-300x169.jpg 300w, https:\/\/www.canalchat.com\/fr\/wp-content\/uploads\/2020\/07\/JPR-wordpress-1024x575-1-768x432.jpg 768w, https:\/\/www.canalchat.com\/fr\/wp-content\/uploads\/2020\/07\/JPR-wordpress-1024x575-1-750x422.jpg 750w, https:\/\/www.canalchat.com\/fr\/wp-content\/uploads\/2020\/07\/JPR-wordpress-1024x575-1-400x225.jpg 400w, https:\/\/www.canalchat.com\/fr\/wp-content\/uploads\/2020\/07\/JPR-wordpress-1024x575-1-430x242.jpg 430w, https:\/\/www.canalchat.com\/fr\/wp-content\/uploads\/2020\/07\/JPR-wordpress-1024x575-1-150x84.jpg 150w, https:\/\/www.canalchat.com\/fr\/wp-content\/uploads\/2020\/07\/JPR-wordpress-1024x575-1-100x56.jpg 100w\" sizes=\"auto, (max-width: 1024px) 100vw, 1024px\" \/><\/figure>\r\n\r\n\r\n\r\n<h2 class=\"wp-block-heading\">Les mesures sanitaires actuelles dues \u00e0 la crise du Covid-19 ne permettant pas d\u2019organiser la pl\u00e9ni\u00e8re initialement pr\u00e9vue, l&rsquo;organisation \u00ab&nbsp;Leaders pour la paix&nbsp;\u00bb a opt\u00e9 pour des \u00e9changes en visioconf\u00e9rence dans le cadre de la remise de son rapport annuel.<\/h2>\r\n\r\n\r\n\r\n<p>En tant que pr\u00e9sident du Think thank, l&rsquo;ancien Premier ministre fran\u00e7ais Jean-Pierre Raffarin a invit\u00e9 les nombreuses personnalit\u00e9s prestigieuses membres de l&rsquo;organisation \u00e0 se connecter en direct \u00e0 une visioconf\u00e9rence. Parmi elles, des prix Nobel, des dirigeants, des diplomates, des experts&#8230; Ces hommes et ces femmes issus du monde entier \u00e9taient au rendez-vous de cette grande r\u00e9union interactive \u00e0 distance. Trois interpr\u00e8tes \u00e9taient \u00e9galement connect\u00e9s \u00e0 cette webconf\u00e9rence. Ils prenaient en charge la traduction simultan\u00e9e et rendre ces diff\u00e9rents \u00e9changes accessibles au plus grand nombre. La diffusion en direct de ce dialogue \u00e0 37 participants a \u00e9t\u00e9 assur\u00e9e par Canalchat. Et ce, pendant 4h30. Les th\u00e9matiques les plus urgentes du moment ont \u00e9t\u00e9 abord\u00e9es. Parmi celles-ci, le futur de l\u2019Afrique ou les cons\u00e9quences de la crise sanitaire du Covid-19 dans le monde.<\/p>\r\n\r\n\r\n\r\n<p>Retrouvez <a href=\"https:\/\/www.canalchat.com\/fr\/actus\/\" target=\"_blank\" rel=\"noreferrer noopener\">nos autres actualit\u00e9s<\/a><\/p>\r\n\r\n\r\n\r\n<p>Visitez le site de <a href=\"https:\/\/www.leaderspourlapaix.org\/\" target=\"_blank\" rel=\"noreferrer noopener\">Leaders pour la Paix<\/a><\/p>\r\n","protected":false},"excerpt":{"rendered":"<p>Les mesures sanitaires actuelles dues \u00e0 la crise du Covid-19 ne permettant pas d\u2019organiser la pl\u00e9ni\u00e8re initialement pr\u00e9vue, l&rsquo;organisation \u00ab&nbsp;Leaders pour la paix&nbsp;\u00bb a opt\u00e9 pour des \u00e9changes en visioconf\u00e9rence dans le cadre de la remise de son rapport annuel. En tant que pr\u00e9sident du Think thank, l&rsquo;ancien Premier ministre [&hellip;]<\/p>\n","protected":false},"author":1,"featured_media":4825,"comment_status":"closed","ping_status":"open","sticky":false,"template":"","format":"standard","meta":{"ngg_post_thumbnail":0,"footnotes":""},"categories":[51],"tags":[407,56],"class_list":["post-4818","post","type-post","status-publish","format-standard","has-post-thumbnail","hentry","category-format","tag-visioconference","tag-webconference"],"yoast_head":"<!-- This site is optimized with the Yoast SEO Premium plugin v27.5 (Yoast SEO v27.5) - https:\/\/yoast.com\/product\/yoast-seo-premium-wordpress\/ -->\n<title>Une visioconf\u00e9rence pour la Paix - Canalchat Grandialogue<\/title>\n<meta name=\"description\" content=\"L&#039;organisation Leaders pour la Paix a opt\u00e9 pour des \u00e9changes en visioconf\u00e9rence dans le cadre de la remise de son rapport annuel.\" \/>\n<meta name=\"robots\" content=\"index, follow, max-snippet:-1, max-image-preview:large, max-video-preview:-1\" \/>\n<link rel=\"canonical\" href=\"https:\/\/www.canalchat.com\/fr\/une-visioconference-pour-la-paix\/\" \/>\n<meta property=\"og:locale\" content=\"fr_FR\" \/>\n<meta property=\"og:type\" content=\"article\" \/>\n<meta property=\"og:title\" content=\"Canalchat\" \/>\n<meta property=\"og:description\" content=\"Canalchat Grandialogue, cr\u00e9ateur d&#039;interactivit\u00e9 en direct\" \/>\n<meta property=\"og:url\" content=\"https:\/\/www.canalchat.com\/fr\/une-visioconference-pour-la-paix\/\" \/>\n<meta property=\"og:site_name\" content=\"Canalchat Grandialogue\" \/>\n<meta property=\"article:publisher\" content=\"https:\/\/www.facebook.com\/CanalchatGrandialogue\" \/>\n<meta property=\"article:published_time\" content=\"2020-05-25T08:24:16+00:00\" \/>\n<meta property=\"article:modified_time\" content=\"2023-07-28T13:46:00+00:00\" \/>\n<meta property=\"og:image\" content=\"https:\/\/www.canalchat.com\/fr\/wp-content\/uploads\/2020\/07\/JPR-wordpress-1024x575-1.jpg\" \/>\n\t<meta property=\"og:image:width\" content=\"1024\" \/>\n\t<meta property=\"og:image:height\" content=\"576\" \/>\n\t<meta property=\"og:image:type\" content=\"image\/jpeg\" \/>\n<meta name=\"author\" content=\"Canalchat\" \/>\n<meta name=\"twitter:card\" content=\"summary_large_image\" \/>\n<meta name=\"twitter:creator\" content=\"@Canalchat\" \/>\n<meta name=\"twitter:site\" content=\"@Canalchat\" \/>\n<meta name=\"twitter:label1\" content=\"\u00c9crit par\" \/>\n\t<meta name=\"twitter:data1\" content=\"Canalchat\" \/>\n\t<meta name=\"twitter:label2\" content=\"Dur\u00e9e de lecture estim\u00e9e\" \/>\n\t<meta name=\"twitter:data2\" content=\"2 minutes\" \/>\n<script type=\"application\/ld+json\" class=\"yoast-schema-graph\">{\"@context\":\"https:\\\/\\\/schema.org\",\"@graph\":[{\"@type\":[\"Article\",\"BlogPosting\"],\"@id\":\"https:\\\/\\\/www.canalchat.com\\\/fr\\\/une-visioconference-pour-la-paix\\\/#article\",\"isPartOf\":{\"@id\":\"https:\\\/\\\/www.canalchat.com\\\/fr\\\/une-visioconference-pour-la-paix\\\/\"},\"author\":{\"name\":\"Canalchat\",\"@id\":\"https:\\\/\\\/www.canalchat.com\\\/fr\\\/#\\\/schema\\\/person\\\/a272e19fc2d521e13f88fa4b2d139506\"},\"headline\":\"Une visioconf\u00e9rence pour la Paix\",\"datePublished\":\"2020-05-25T08:24:16+00:00\",\"dateModified\":\"2023-07-28T13:46:00+00:00\",\"mainEntityOfPage\":{\"@id\":\"https:\\\/\\\/www.canalchat.com\\\/fr\\\/une-visioconference-pour-la-paix\\\/\"},\"wordCount\":209,\"publisher\":{\"@id\":\"https:\\\/\\\/www.canalchat.com\\\/fr\\\/#organization\"},\"image\":{\"@id\":\"https:\\\/\\\/www.canalchat.com\\\/fr\\\/une-visioconference-pour-la-paix\\\/#primaryimage\"},\"thumbnailUrl\":\"https:\\\/\\\/www.canalchat.com\\\/fr\\\/wp-content\\\/uploads\\\/2020\\\/07\\\/JPR-wordpress-1024x575-1.jpg\",\"keywords\":[\"Visioconf\u00e9rence\",\"Webconf\u00e9rence\"],\"articleSection\":[\"Format\"],\"inLanguage\":\"fr-FR\"},{\"@type\":\"WebPage\",\"@id\":\"https:\\\/\\\/www.canalchat.com\\\/fr\\\/une-visioconference-pour-la-paix\\\/\",\"url\":\"https:\\\/\\\/www.canalchat.com\\\/fr\\\/une-visioconference-pour-la-paix\\\/\",\"name\":\"Une visioconf\u00e9rence pour la Paix - Canalchat Grandialogue\",\"isPartOf\":{\"@id\":\"https:\\\/\\\/www.canalchat.com\\\/fr\\\/#website\"},\"primaryImageOfPage\":{\"@id\":\"https:\\\/\\\/www.canalchat.com\\\/fr\\\/une-visioconference-pour-la-paix\\\/#primaryimage\"},\"image\":{\"@id\":\"https:\\\/\\\/www.canalchat.com\\\/fr\\\/une-visioconference-pour-la-paix\\\/#primaryimage\"},\"thumbnailUrl\":\"https:\\\/\\\/www.canalchat.com\\\/fr\\\/wp-content\\\/uploads\\\/2020\\\/07\\\/JPR-wordpress-1024x575-1.jpg\",\"datePublished\":\"2020-05-25T08:24:16+00:00\",\"dateModified\":\"2023-07-28T13:46:00+00:00\",\"description\":\"L'organisation Leaders pour la Paix a opt\u00e9 pour des \u00e9changes en visioconf\u00e9rence dans le cadre de la remise de son rapport annuel.\",\"breadcrumb\":{\"@id\":\"https:\\\/\\\/www.canalchat.com\\\/fr\\\/une-visioconference-pour-la-paix\\\/#breadcrumb\"},\"inLanguage\":\"fr-FR\",\"potentialAction\":[{\"@type\":\"ReadAction\",\"target\":[\"https:\\\/\\\/www.canalchat.com\\\/fr\\\/une-visioconference-pour-la-paix\\\/\"]}]},{\"@type\":\"ImageObject\",\"inLanguage\":\"fr-FR\",\"@id\":\"https:\\\/\\\/www.canalchat.com\\\/fr\\\/une-visioconference-pour-la-paix\\\/#primaryimage\",\"url\":\"https:\\\/\\\/www.canalchat.com\\\/fr\\\/wp-content\\\/uploads\\\/2020\\\/07\\\/JPR-wordpress-1024x575-1.jpg\",\"contentUrl\":\"https:\\\/\\\/www.canalchat.com\\\/fr\\\/wp-content\\\/uploads\\\/2020\\\/07\\\/JPR-wordpress-1024x575-1.jpg\",\"width\":1024,\"height\":576,\"caption\":\"une visioconf\u00e9rence men\u00e9e par Jean-Pierre Raffarin\"},{\"@type\":\"BreadcrumbList\",\"@id\":\"https:\\\/\\\/www.canalchat.com\\\/fr\\\/une-visioconference-pour-la-paix\\\/#breadcrumb\",\"itemListElement\":[{\"@type\":\"ListItem\",\"position\":1,\"name\":\"Accueil\",\"item\":\"https:\\\/\\\/www.canalchat.com\\\/fr\\\/\"},{\"@type\":\"ListItem\",\"position\":2,\"name\":\"Format\",\"item\":\"https:\\\/\\\/www.canalchat.com\\\/fr\\\/format\\\/\"},{\"@type\":\"ListItem\",\"position\":3,\"name\":\"Une visioconf\u00e9rence pour la Paix\"}]},{\"@type\":\"WebSite\",\"@id\":\"https:\\\/\\\/www.canalchat.com\\\/fr\\\/#website\",\"url\":\"https:\\\/\\\/www.canalchat.com\\\/fr\\\/\",\"name\":\"Canalchat Grandialogue\",\"description\":\"Cr\u00e9ateur d&#039;interactivit\u00e9 en direct\",\"publisher\":{\"@id\":\"https:\\\/\\\/www.canalchat.com\\\/fr\\\/#organization\"},\"alternateName\":\"Canalchat\",\"potentialAction\":[{\"@type\":\"SearchAction\",\"target\":{\"@type\":\"EntryPoint\",\"urlTemplate\":\"https:\\\/\\\/www.canalchat.com\\\/fr\\\/?s={search_term_string}\"},\"query-input\":{\"@type\":\"PropertyValueSpecification\",\"valueRequired\":true,\"valueName\":\"search_term_string\"}}],\"inLanguage\":\"fr-FR\"},{\"@type\":\"Organization\",\"@id\":\"https:\\\/\\\/www.canalchat.com\\\/fr\\\/#organization\",\"name\":\"Canalchat Grandialogue\",\"alternateName\":\"Canalchat\",\"url\":\"https:\\\/\\\/www.canalchat.com\\\/fr\\\/\",\"logo\":{\"@type\":\"ImageObject\",\"inLanguage\":\"fr-FR\",\"@id\":\"https:\\\/\\\/www.canalchat.com\\\/fr\\\/#\\\/schema\\\/logo\\\/image\\\/\",\"url\":\"https:\\\/\\\/www.canalchat.com\\\/fr\\\/wp-content\\\/uploads\\\/2023\\\/07\\\/Guillemets-1.jpeg\",\"contentUrl\":\"https:\\\/\\\/www.canalchat.com\\\/fr\\\/wp-content\\\/uploads\\\/2023\\\/07\\\/Guillemets-1.jpeg\",\"width\":200,\"height\":200,\"caption\":\"Canalchat Grandialogue\"},\"image\":{\"@id\":\"https:\\\/\\\/www.canalchat.com\\\/fr\\\/#\\\/schema\\\/logo\\\/image\\\/\"},\"sameAs\":[\"https:\\\/\\\/www.facebook.com\\\/CanalchatGrandialogue\",\"https:\\\/\\\/x.com\\\/Canalchat\",\"https:\\\/\\\/www.linkedin.com\\\/company\\\/canalchat_grandialogue\",\"https:\\\/\\\/www.instagram.com\\\/canalchat\",\"https:\\\/\\\/www.tiktok.com\\\/@canalchatgrandialogue\",\"https:\\\/\\\/www.youtube.com\\\/Canalchat\",\"https:\\\/\\\/fr.pinterest.com\\\/canalchat\\\/\"],\"description\":\"Canalchat Grandialogue cr\u00e9e et produit des \u00e9v\u00e8nements vid\u00e9o en direct, avec de l\u2019interactivit\u00e9.\u200b Nous r\u00e9alisons et diffusons des formats d\u2019\u00e9mission live pour interagir avec vos audiences.\u200b\",\"email\":\"redaction@canalchat.fr\",\"telephone\":\"01 55 28 83 11\",\"legalName\":\"Canalchat Grandialogue\",\"foundingDate\":\"1999-10-01\",\"vatID\":\"FR 17477742688\",\"taxID\":\"477 742 688 00047\",\"numberOfEmployees\":{\"@type\":\"QuantitativeValue\",\"minValue\":\"11\",\"maxValue\":\"50\"},\"publishingPrinciples\":\"https:\\\/\\\/www.canalchat.com\\\/fr\\\/evenementiel\\\/\"},{\"@type\":\"Person\",\"@id\":\"https:\\\/\\\/www.canalchat.com\\\/fr\\\/#\\\/schema\\\/person\\\/a272e19fc2d521e13f88fa4b2d139506\",\"name\":\"Canalchat\",\"sameAs\":[\"https:\\\/\\\/www.canalchat.com\\\/fr\",\"https:\\\/\\\/www.linkedin.com\\\/company\\\/canalchat_grandialogue\\\/\"]}]}<\/script>\n<!-- \/ Yoast SEO Premium plugin. -->","yoast_head_json":{"title":"Une visioconf\u00e9rence pour la Paix - Canalchat Grandialogue","description":"L'organisation Leaders pour la Paix a opt\u00e9 pour des \u00e9changes en visioconf\u00e9rence dans le cadre de la remise de son rapport annuel.","robots":{"index":"index","follow":"follow","max-snippet":"max-snippet:-1","max-image-preview":"max-image-preview:large","max-video-preview":"max-video-preview:-1"},"canonical":"https:\/\/www.canalchat.com\/fr\/une-visioconference-pour-la-paix\/","og_locale":"fr_FR","og_type":"article","og_title":"Canalchat","og_description":"Canalchat Grandialogue, cr\u00e9ateur d'interactivit\u00e9 en direct","og_url":"https:\/\/www.canalchat.com\/fr\/une-visioconference-pour-la-paix\/","og_site_name":"Canalchat Grandialogue","article_publisher":"https:\/\/www.facebook.com\/CanalchatGrandialogue","article_published_time":"2020-05-25T08:24:16+00:00","article_modified_time":"2023-07-28T13:46:00+00:00","og_image":[{"width":1024,"height":576,"url":"https:\/\/www.canalchat.com\/fr\/wp-content\/uploads\/2020\/07\/JPR-wordpress-1024x575-1.jpg","type":"image\/jpeg"}],"author":"Canalchat","twitter_card":"summary_large_image","twitter_creator":"@Canalchat","twitter_site":"@Canalchat","twitter_misc":{"\u00c9crit par":"Canalchat","Dur\u00e9e de lecture estim\u00e9e":"2 minutes"},"schema":{"@context":"https:\/\/schema.org","@graph":[{"@type":["Article","BlogPosting"],"@id":"https:\/\/www.canalchat.com\/fr\/une-visioconference-pour-la-paix\/#article","isPartOf":{"@id":"https:\/\/www.canalchat.com\/fr\/une-visioconference-pour-la-paix\/"},"author":{"name":"Canalchat","@id":"https:\/\/www.canalchat.com\/fr\/#\/schema\/person\/a272e19fc2d521e13f88fa4b2d139506"},"headline":"Une visioconf\u00e9rence pour la Paix","datePublished":"2020-05-25T08:24:16+00:00","dateModified":"2023-07-28T13:46:00+00:00","mainEntityOfPage":{"@id":"https:\/\/www.canalchat.com\/fr\/une-visioconference-pour-la-paix\/"},"wordCount":209,"publisher":{"@id":"https:\/\/www.canalchat.com\/fr\/#organization"},"image":{"@id":"https:\/\/www.canalchat.com\/fr\/une-visioconference-pour-la-paix\/#primaryimage"},"thumbnailUrl":"https:\/\/www.canalchat.com\/fr\/wp-content\/uploads\/2020\/07\/JPR-wordpress-1024x575-1.jpg","keywords":["Visioconf\u00e9rence","Webconf\u00e9rence"],"articleSection":["Format"],"inLanguage":"fr-FR"},{"@type":"WebPage","@id":"https:\/\/www.canalchat.com\/fr\/une-visioconference-pour-la-paix\/","url":"https:\/\/www.canalchat.com\/fr\/une-visioconference-pour-la-paix\/","name":"Une visioconf\u00e9rence pour la Paix - Canalchat Grandialogue","isPartOf":{"@id":"https:\/\/www.canalchat.com\/fr\/#website"},"primaryImageOfPage":{"@id":"https:\/\/www.canalchat.com\/fr\/une-visioconference-pour-la-paix\/#primaryimage"},"image":{"@id":"https:\/\/www.canalchat.com\/fr\/une-visioconference-pour-la-paix\/#primaryimage"},"thumbnailUrl":"https:\/\/www.canalchat.com\/fr\/wp-content\/uploads\/2020\/07\/JPR-wordpress-1024x575-1.jpg","datePublished":"2020-05-25T08:24:16+00:00","dateModified":"2023-07-28T13:46:00+00:00","description":"L'organisation Leaders pour la Paix a opt\u00e9 pour des \u00e9changes en visioconf\u00e9rence dans le cadre de la remise de son rapport annuel.","breadcrumb":{"@id":"https:\/\/www.canalchat.com\/fr\/une-visioconference-pour-la-paix\/#breadcrumb"},"inLanguage":"fr-FR","potentialAction":[{"@type":"ReadAction","target":["https:\/\/www.canalchat.com\/fr\/une-visioconference-pour-la-paix\/"]}]},{"@type":"ImageObject","inLanguage":"fr-FR","@id":"https:\/\/www.canalchat.com\/fr\/une-visioconference-pour-la-paix\/#primaryimage","url":"https:\/\/www.canalchat.com\/fr\/wp-content\/uploads\/2020\/07\/JPR-wordpress-1024x575-1.jpg","contentUrl":"https:\/\/www.canalchat.com\/fr\/wp-content\/uploads\/2020\/07\/JPR-wordpress-1024x575-1.jpg","width":1024,"height":576,"caption":"une visioconf\u00e9rence men\u00e9e par Jean-Pierre Raffarin"},{"@type":"BreadcrumbList","@id":"https:\/\/www.canalchat.com\/fr\/une-visioconference-pour-la-paix\/#breadcrumb","itemListElement":[{"@type":"ListItem","position":1,"name":"Accueil","item":"https:\/\/www.canalchat.com\/fr\/"},{"@type":"ListItem","position":2,"name":"Format","item":"https:\/\/www.canalchat.com\/fr\/format\/"},{"@type":"ListItem","position":3,"name":"Une visioconf\u00e9rence pour la Paix"}]},{"@type":"WebSite","@id":"https:\/\/www.canalchat.com\/fr\/#website","url":"https:\/\/www.canalchat.com\/fr\/","name":"Canalchat Grandialogue","description":"Cr\u00e9ateur d&#039;interactivit\u00e9 en direct","publisher":{"@id":"https:\/\/www.canalchat.com\/fr\/#organization"},"alternateName":"Canalchat","potentialAction":[{"@type":"SearchAction","target":{"@type":"EntryPoint","urlTemplate":"https:\/\/www.canalchat.com\/fr\/?s={search_term_string}"},"query-input":{"@type":"PropertyValueSpecification","valueRequired":true,"valueName":"search_term_string"}}],"inLanguage":"fr-FR"},{"@type":"Organization","@id":"https:\/\/www.canalchat.com\/fr\/#organization","name":"Canalchat Grandialogue","alternateName":"Canalchat","url":"https:\/\/www.canalchat.com\/fr\/","logo":{"@type":"ImageObject","inLanguage":"fr-FR","@id":"https:\/\/www.canalchat.com\/fr\/#\/schema\/logo\/image\/","url":"https:\/\/www.canalchat.com\/fr\/wp-content\/uploads\/2023\/07\/Guillemets-1.jpeg","contentUrl":"https:\/\/www.canalchat.com\/fr\/wp-content\/uploads\/2023\/07\/Guillemets-1.jpeg","width":200,"height":200,"caption":"Canalchat Grandialogue"},"image":{"@id":"https:\/\/www.canalchat.com\/fr\/#\/schema\/logo\/image\/"},"sameAs":["https:\/\/www.facebook.com\/CanalchatGrandialogue","https:\/\/x.com\/Canalchat","https:\/\/www.linkedin.com\/company\/canalchat_grandialogue","https:\/\/www.instagram.com\/canalchat","https:\/\/www.tiktok.com\/@canalchatgrandialogue","https:\/\/www.youtube.com\/Canalchat","https:\/\/fr.pinterest.com\/canalchat\/"],"description":"Canalchat Grandialogue cr\u00e9e et produit des \u00e9v\u00e8nements vid\u00e9o en direct, avec de l\u2019interactivit\u00e9.\u200b Nous r\u00e9alisons et diffusons des formats d\u2019\u00e9mission live pour interagir avec vos audiences.\u200b","email":"redaction@canalchat.fr","telephone":"01 55 28 83 11","legalName":"Canalchat Grandialogue","foundingDate":"1999-10-01","vatID":"FR 17477742688","taxID":"477 742 688 00047","numberOfEmployees":{"@type":"QuantitativeValue","minValue":"11","maxValue":"50"},"publishingPrinciples":"https:\/\/www.canalchat.com\/fr\/evenementiel\/"},{"@type":"Person","@id":"https:\/\/www.canalchat.com\/fr\/#\/schema\/person\/a272e19fc2d521e13f88fa4b2d139506","name":"Canalchat","sameAs":["https:\/\/www.canalchat.com\/fr","https:\/\/www.linkedin.com\/company\/canalchat_grandialogue\/"]}]}},"_links":{"self":[{"href":"https:\/\/www.canalchat.com\/fr\/wp-json\/wp\/v2\/posts\/4818","targetHints":{"allow":["GET"]}}],"collection":[{"href":"https:\/\/www.canalchat.com\/fr\/wp-json\/wp\/v2\/posts"}],"about":[{"href":"https:\/\/www.canalchat.com\/fr\/wp-json\/wp\/v2\/types\/post"}],"author":[{"embeddable":true,"href":"https:\/\/www.canalchat.com\/fr\/wp-json\/wp\/v2\/users\/1"}],"replies":[{"embeddable":true,"href":"https:\/\/www.canalchat.com\/fr\/wp-json\/wp\/v2\/comments?post=4818"}],"version-history":[{"count":0,"href":"https:\/\/www.canalchat.com\/fr\/wp-json\/wp\/v2\/posts\/4818\/revisions"}],"wp:featuredmedia":[{"embeddable":true,"href":"https:\/\/www.canalchat.com\/fr\/wp-json\/wp\/v2\/media\/4825"}],"wp:attachment":[{"href":"https:\/\/www.canalchat.com\/fr\/wp-json\/wp\/v2\/media?parent=4818"}],"wp:term":[{"taxonomy":"category","embeddable":true,"href":"https:\/\/www.canalchat.com\/fr\/wp-json\/wp\/v2\/categories?post=4818"},{"taxonomy":"post_tag","embeddable":true,"href":"https:\/\/www.canalchat.com\/fr\/wp-json\/wp\/v2\/tags?post=4818"}],"curies":[{"name":"wp","href":"https:\/\/api.w.org\/{rel}","templated":true}]}}