{"id":4107,"date":"2019-01-28T11:37:00","date_gmt":"2019-01-28T10:37:00","guid":{"rendered":"https:\/\/www.canalchat.com\/fr\/?p=4107"},"modified":"2025-09-24T09:56:46","modified_gmt":"2025-09-24T07:56:46","slug":"le-forum-de-davos-comme-si-vous-y-etiez","status":"publish","type":"post","link":"https:\/\/www.canalchat.com\/fr\/le-forum-de-davos-comme-si-vous-y-etiez\/","title":{"rendered":"Le Forum de Davos comme si vous y \u00e9tiez"},"content":{"rendered":"<p><img loading=\"lazy\" decoding=\"async\" class=\"aligncenter size-large wp-image-4108\" src=\"https:\/\/www.canalchat.com\/fr\/wp-content\/uploads\/2019\/03\/wef-newsletter-2019-1024x683.jpg\" alt=\"\" width=\"1024\" height=\"683\" srcset=\"https:\/\/www.canalchat.com\/fr\/wp-content\/uploads\/2019\/03\/wef-newsletter-2019-1024x683.jpg 1024w, https:\/\/www.canalchat.com\/fr\/wp-content\/uploads\/2019\/03\/wef-newsletter-2019-300x200.jpg 300w, https:\/\/www.canalchat.com\/fr\/wp-content\/uploads\/2019\/03\/wef-newsletter-2019-768x512.jpg 768w, https:\/\/www.canalchat.com\/fr\/wp-content\/uploads\/2019\/03\/wef-newsletter-2019-750x500.jpg 750w, https:\/\/www.canalchat.com\/fr\/wp-content\/uploads\/2019\/03\/wef-newsletter-2019-400x267.jpg 400w, https:\/\/www.canalchat.com\/fr\/wp-content\/uploads\/2019\/03\/wef-newsletter-2019-430x287.jpg 430w, https:\/\/www.canalchat.com\/fr\/wp-content\/uploads\/2019\/03\/wef-newsletter-2019-150x100.jpg 150w, https:\/\/www.canalchat.com\/fr\/wp-content\/uploads\/2019\/03\/wef-newsletter-2019-100x67.jpg 100w, https:\/\/www.canalchat.com\/fr\/wp-content\/uploads\/2019\/03\/wef-newsletter-2019.jpg 1500w\" sizes=\"auto, (max-width: 1024px) 100vw, 1024px\" \/><\/p>\n<p>4 jours de live vid\u00e9o. Du mardi 22 janvier au vendredi 25 janvier, nos \u00e9quipes techniques ont assur\u00e9 la captation, la r\u00e9alisation et le diffusion en direct de multiples conf\u00e9rences incluses en un seul grand \u00e9v\u00e9nement d&rsquo;envergure : l&rsquo;\u00e9dition 2019 du World Economic Forum de Davos, la grand-messe annuelle des \u00e9lites \u00e9conomiques et politiques de la plan\u00e8te. Parmi les personnalit\u00e9s invit\u00e9es \u00e0 intervenir dans les deux salles dont nous avions la charge, citons Jack Ma, Pr\u00e9sident-directeur g\u00e9n\u00e9ral d&rsquo;Alibaba Group, Paul Kagame, Pr\u00e9sident de la r\u00e9publique du Rwanda, Patrick Pouyann\u00e9, Pr\u00e9sident-directeur g\u00e9n\u00e9ral de Total, Anne Finucane, Vice-pr\u00e9sidente de Bank of America, Mohammed Al-Jadaan, Ministre des Finances de l&rsquo;Arabie Saoudite, ou encore Kumi Naidoo, Secr\u00e9taire g\u00e9n\u00e9ral d&rsquo;Amnesty International. L&rsquo;ensemble de ces sessions ont \u00e9t\u00e9 retransmises en direct et sont encore accessibles en replay sur le site internet du World Economic Forum.<\/p>\n<p><a href=\"https:\/\/www.canalchat.com\/fr\/best-of-2018\/\">Retrouvez le Best Of de nos op\u00e9rations en 2018<\/a>.<\/p>\n","protected":false},"excerpt":{"rendered":"<p>4 jours de live vid\u00e9o. Du mardi 22 janvier au vendredi 25 janvier, nos \u00e9quipes techniques ont assur\u00e9 la captation, la r\u00e9alisation et le diffusion en direct de multiples conf\u00e9rences incluses en un seul grand \u00e9v\u00e9nement d&rsquo;envergure : l&rsquo;\u00e9dition 2019 du World Economic Forum de Davos, la grand-messe annuelle des [&hellip;]<\/p>\n","protected":false},"author":1,"featured_media":4108,"comment_status":"closed","ping_status":"open","sticky":false,"template":"","format":"standard","meta":{"ngg_post_thumbnail":0,"footnotes":""},"categories":[51],"tags":[348],"class_list":["post-4107","post","type-post","status-publish","format-standard","has-post-thumbnail","hentry","category-format","tag-forum"],"yoast_head":"<!-- This site is optimized with the Yoast SEO Premium plugin v27.5 (Yoast SEO v27.5) - https:\/\/yoast.com\/product\/yoast-seo-premium-wordpress\/ -->\n<title>Le Forum de Davos comme si vous y \u00e9tiez - Canalchat Grandialogue<\/title>\n<meta name=\"description\" content=\"Canalchat Grandialogue, sp\u00e9cialiste des webconf\u00e9rences, est aux manettes du streaming du Forum de Davos organis\u00e9 par le World Economic Forum.\" \/>\n<meta name=\"robots\" content=\"index, follow, max-snippet:-1, max-image-preview:large, max-video-preview:-1\" \/>\n<link rel=\"canonical\" href=\"https:\/\/www.canalchat.com\/fr\/le-forum-de-davos-comme-si-vous-y-etiez\/\" \/>\n<meta property=\"og:locale\" content=\"fr_FR\" \/>\n<meta property=\"og:type\" content=\"article\" \/>\n<meta property=\"og:title\" content=\"Canalchat\" \/>\n<meta property=\"og:description\" content=\"Canalchat Grandialogue, cr\u00e9ateur d&#039;interactivit\u00e9 en direct\" \/>\n<meta property=\"og:url\" content=\"https:\/\/www.canalchat.com\/fr\/le-forum-de-davos-comme-si-vous-y-etiez\/\" \/>\n<meta property=\"og:site_name\" content=\"Canalchat Grandialogue\" \/>\n<meta property=\"article:publisher\" content=\"https:\/\/www.facebook.com\/CanalchatGrandialogue\" \/>\n<meta property=\"article:published_time\" content=\"2019-01-28T10:37:00+00:00\" \/>\n<meta property=\"article:modified_time\" content=\"2025-09-24T07:56:46+00:00\" \/>\n<meta property=\"og:image\" content=\"https:\/\/www.canalchat.com\/fr\/wp-content\/uploads\/2019\/03\/wef-newsletter-2019.jpg\" \/>\n\t<meta property=\"og:image:width\" content=\"1500\" \/>\n\t<meta property=\"og:image:height\" content=\"1000\" \/>\n\t<meta property=\"og:image:type\" content=\"image\/jpeg\" \/>\n<meta name=\"author\" content=\"Canalchat\" \/>\n<meta name=\"twitter:card\" content=\"summary_large_image\" \/>\n<meta name=\"twitter:creator\" content=\"@Canalchat\" \/>\n<meta name=\"twitter:site\" content=\"@Canalchat\" \/>\n<meta name=\"twitter:label1\" content=\"\u00c9crit par\" \/>\n\t<meta name=\"twitter:data1\" content=\"Canalchat\" \/>\n\t<meta name=\"twitter:label2\" content=\"Dur\u00e9e de lecture estim\u00e9e\" \/>\n\t<meta name=\"twitter:data2\" content=\"2 minutes\" \/>\n<script type=\"application\/ld+json\" class=\"yoast-schema-graph\">{\"@context\":\"https:\\\/\\\/schema.org\",\"@graph\":[{\"@type\":[\"Article\",\"BlogPosting\"],\"@id\":\"https:\\\/\\\/www.canalchat.com\\\/fr\\\/le-forum-de-davos-comme-si-vous-y-etiez\\\/#article\",\"isPartOf\":{\"@id\":\"https:\\\/\\\/www.canalchat.com\\\/fr\\\/le-forum-de-davos-comme-si-vous-y-etiez\\\/\"},\"author\":{\"name\":\"Canalchat\",\"@id\":\"https:\\\/\\\/www.canalchat.com\\\/fr\\\/#\\\/schema\\\/person\\\/a272e19fc2d521e13f88fa4b2d139506\"},\"headline\":\"Le Forum de Davos comme si vous y \u00e9tiez\",\"datePublished\":\"2019-01-28T10:37:00+00:00\",\"dateModified\":\"2025-09-24T07:56:46+00:00\",\"mainEntityOfPage\":{\"@id\":\"https:\\\/\\\/www.canalchat.com\\\/fr\\\/le-forum-de-davos-comme-si-vous-y-etiez\\\/\"},\"wordCount\":176,\"publisher\":{\"@id\":\"https:\\\/\\\/www.canalchat.com\\\/fr\\\/#organization\"},\"image\":{\"@id\":\"https:\\\/\\\/www.canalchat.com\\\/fr\\\/le-forum-de-davos-comme-si-vous-y-etiez\\\/#primaryimage\"},\"thumbnailUrl\":\"https:\\\/\\\/www.canalchat.com\\\/fr\\\/wp-content\\\/uploads\\\/2019\\\/03\\\/wef-newsletter-2019.jpg\",\"keywords\":[\"Forum\"],\"articleSection\":[\"Format\"],\"inLanguage\":\"fr-FR\"},{\"@type\":\"WebPage\",\"@id\":\"https:\\\/\\\/www.canalchat.com\\\/fr\\\/le-forum-de-davos-comme-si-vous-y-etiez\\\/\",\"url\":\"https:\\\/\\\/www.canalchat.com\\\/fr\\\/le-forum-de-davos-comme-si-vous-y-etiez\\\/\",\"name\":\"Le Forum de Davos comme si vous y \u00e9tiez - Canalchat Grandialogue\",\"isPartOf\":{\"@id\":\"https:\\\/\\\/www.canalchat.com\\\/fr\\\/#website\"},\"primaryImageOfPage\":{\"@id\":\"https:\\\/\\\/www.canalchat.com\\\/fr\\\/le-forum-de-davos-comme-si-vous-y-etiez\\\/#primaryimage\"},\"image\":{\"@id\":\"https:\\\/\\\/www.canalchat.com\\\/fr\\\/le-forum-de-davos-comme-si-vous-y-etiez\\\/#primaryimage\"},\"thumbnailUrl\":\"https:\\\/\\\/www.canalchat.com\\\/fr\\\/wp-content\\\/uploads\\\/2019\\\/03\\\/wef-newsletter-2019.jpg\",\"datePublished\":\"2019-01-28T10:37:00+00:00\",\"dateModified\":\"2025-09-24T07:56:46+00:00\",\"description\":\"Canalchat Grandialogue, sp\u00e9cialiste des webconf\u00e9rences, est aux manettes du streaming du Forum de Davos organis\u00e9 par le World Economic Forum.\",\"breadcrumb\":{\"@id\":\"https:\\\/\\\/www.canalchat.com\\\/fr\\\/le-forum-de-davos-comme-si-vous-y-etiez\\\/#breadcrumb\"},\"inLanguage\":\"fr-FR\",\"potentialAction\":[{\"@type\":\"ReadAction\",\"target\":[\"https:\\\/\\\/www.canalchat.com\\\/fr\\\/le-forum-de-davos-comme-si-vous-y-etiez\\\/\"]}]},{\"@type\":\"ImageObject\",\"inLanguage\":\"fr-FR\",\"@id\":\"https:\\\/\\\/www.canalchat.com\\\/fr\\\/le-forum-de-davos-comme-si-vous-y-etiez\\\/#primaryimage\",\"url\":\"https:\\\/\\\/www.canalchat.com\\\/fr\\\/wp-content\\\/uploads\\\/2019\\\/03\\\/wef-newsletter-2019.jpg\",\"contentUrl\":\"https:\\\/\\\/www.canalchat.com\\\/fr\\\/wp-content\\\/uploads\\\/2019\\\/03\\\/wef-newsletter-2019.jpg\",\"width\":1500,\"height\":1000,\"caption\":\"Canalchat au Forum de Davos organis\u00e9 par le World Economic Forum\"},{\"@type\":\"BreadcrumbList\",\"@id\":\"https:\\\/\\\/www.canalchat.com\\\/fr\\\/le-forum-de-davos-comme-si-vous-y-etiez\\\/#breadcrumb\",\"itemListElement\":[{\"@type\":\"ListItem\",\"position\":1,\"name\":\"Accueil\",\"item\":\"https:\\\/\\\/www.canalchat.com\\\/fr\\\/\"},{\"@type\":\"ListItem\",\"position\":2,\"name\":\"Format\",\"item\":\"https:\\\/\\\/www.canalchat.com\\\/fr\\\/format\\\/\"},{\"@type\":\"ListItem\",\"position\":3,\"name\":\"Le Forum de Davos comme si vous y \u00e9tiez\"}]},{\"@type\":\"WebSite\",\"@id\":\"https:\\\/\\\/www.canalchat.com\\\/fr\\\/#website\",\"url\":\"https:\\\/\\\/www.canalchat.com\\\/fr\\\/\",\"name\":\"Canalchat Grandialogue\",\"description\":\"Cr\u00e9ateur d&#039;interactivit\u00e9 en direct\",\"publisher\":{\"@id\":\"https:\\\/\\\/www.canalchat.com\\\/fr\\\/#organization\"},\"alternateName\":\"Canalchat\",\"potentialAction\":[{\"@type\":\"SearchAction\",\"target\":{\"@type\":\"EntryPoint\",\"urlTemplate\":\"https:\\\/\\\/www.canalchat.com\\\/fr\\\/?s={search_term_string}\"},\"query-input\":{\"@type\":\"PropertyValueSpecification\",\"valueRequired\":true,\"valueName\":\"search_term_string\"}}],\"inLanguage\":\"fr-FR\"},{\"@type\":\"Organization\",\"@id\":\"https:\\\/\\\/www.canalchat.com\\\/fr\\\/#organization\",\"name\":\"Canalchat Grandialogue\",\"alternateName\":\"Canalchat\",\"url\":\"https:\\\/\\\/www.canalchat.com\\\/fr\\\/\",\"logo\":{\"@type\":\"ImageObject\",\"inLanguage\":\"fr-FR\",\"@id\":\"https:\\\/\\\/www.canalchat.com\\\/fr\\\/#\\\/schema\\\/logo\\\/image\\\/\",\"url\":\"https:\\\/\\\/www.canalchat.com\\\/fr\\\/wp-content\\\/uploads\\\/2023\\\/07\\\/Guillemets-1.jpeg\",\"contentUrl\":\"https:\\\/\\\/www.canalchat.com\\\/fr\\\/wp-content\\\/uploads\\\/2023\\\/07\\\/Guillemets-1.jpeg\",\"width\":200,\"height\":200,\"caption\":\"Canalchat Grandialogue\"},\"image\":{\"@id\":\"https:\\\/\\\/www.canalchat.com\\\/fr\\\/#\\\/schema\\\/logo\\\/image\\\/\"},\"sameAs\":[\"https:\\\/\\\/www.facebook.com\\\/CanalchatGrandialogue\",\"https:\\\/\\\/x.com\\\/Canalchat\",\"https:\\\/\\\/www.linkedin.com\\\/company\\\/canalchat_grandialogue\",\"https:\\\/\\\/www.instagram.com\\\/canalchat\",\"https:\\\/\\\/www.tiktok.com\\\/@canalchatgrandialogue\",\"https:\\\/\\\/www.youtube.com\\\/Canalchat\",\"https:\\\/\\\/fr.pinterest.com\\\/canalchat\\\/\"],\"description\":\"Canalchat Grandialogue cr\u00e9e et produit des \u00e9v\u00e8nements vid\u00e9o en direct, avec de l\u2019interactivit\u00e9.\u200b Nous r\u00e9alisons et diffusons des formats d\u2019\u00e9mission live pour interagir avec vos audiences.\u200b\",\"email\":\"redaction@canalchat.fr\",\"telephone\":\"01 55 28 83 11\",\"legalName\":\"Canalchat Grandialogue\",\"foundingDate\":\"1999-10-01\",\"vatID\":\"FR 17477742688\",\"taxID\":\"477 742 688 00047\",\"numberOfEmployees\":{\"@type\":\"QuantitativeValue\",\"minValue\":\"11\",\"maxValue\":\"50\"},\"publishingPrinciples\":\"https:\\\/\\\/www.canalchat.com\\\/fr\\\/evenementiel\\\/\"},{\"@type\":\"Person\",\"@id\":\"https:\\\/\\\/www.canalchat.com\\\/fr\\\/#\\\/schema\\\/person\\\/a272e19fc2d521e13f88fa4b2d139506\",\"name\":\"Canalchat\",\"sameAs\":[\"https:\\\/\\\/www.canalchat.com\\\/fr\",\"https:\\\/\\\/www.linkedin.com\\\/company\\\/canalchat_grandialogue\\\/\"]}]}<\/script>\n<!-- \/ Yoast SEO Premium plugin. -->","yoast_head_json":{"title":"Le Forum de Davos comme si vous y \u00e9tiez - Canalchat Grandialogue","description":"Canalchat Grandialogue, sp\u00e9cialiste des webconf\u00e9rences, est aux manettes du streaming du Forum de Davos organis\u00e9 par le World Economic Forum.","robots":{"index":"index","follow":"follow","max-snippet":"max-snippet:-1","max-image-preview":"max-image-preview:large","max-video-preview":"max-video-preview:-1"},"canonical":"https:\/\/www.canalchat.com\/fr\/le-forum-de-davos-comme-si-vous-y-etiez\/","og_locale":"fr_FR","og_type":"article","og_title":"Canalchat","og_description":"Canalchat Grandialogue, cr\u00e9ateur d'interactivit\u00e9 en direct","og_url":"https:\/\/www.canalchat.com\/fr\/le-forum-de-davos-comme-si-vous-y-etiez\/","og_site_name":"Canalchat Grandialogue","article_publisher":"https:\/\/www.facebook.com\/CanalchatGrandialogue","article_published_time":"2019-01-28T10:37:00+00:00","article_modified_time":"2025-09-24T07:56:46+00:00","og_image":[{"width":1500,"height":1000,"url":"https:\/\/www.canalchat.com\/fr\/wp-content\/uploads\/2019\/03\/wef-newsletter-2019.jpg","type":"image\/jpeg"}],"author":"Canalchat","twitter_card":"summary_large_image","twitter_creator":"@Canalchat","twitter_site":"@Canalchat","twitter_misc":{"\u00c9crit par":"Canalchat","Dur\u00e9e de lecture estim\u00e9e":"2 minutes"},"schema":{"@context":"https:\/\/schema.org","@graph":[{"@type":["Article","BlogPosting"],"@id":"https:\/\/www.canalchat.com\/fr\/le-forum-de-davos-comme-si-vous-y-etiez\/#article","isPartOf":{"@id":"https:\/\/www.canalchat.com\/fr\/le-forum-de-davos-comme-si-vous-y-etiez\/"},"author":{"name":"Canalchat","@id":"https:\/\/www.canalchat.com\/fr\/#\/schema\/person\/a272e19fc2d521e13f88fa4b2d139506"},"headline":"Le Forum de Davos comme si vous y \u00e9tiez","datePublished":"2019-01-28T10:37:00+00:00","dateModified":"2025-09-24T07:56:46+00:00","mainEntityOfPage":{"@id":"https:\/\/www.canalchat.com\/fr\/le-forum-de-davos-comme-si-vous-y-etiez\/"},"wordCount":176,"publisher":{"@id":"https:\/\/www.canalchat.com\/fr\/#organization"},"image":{"@id":"https:\/\/www.canalchat.com\/fr\/le-forum-de-davos-comme-si-vous-y-etiez\/#primaryimage"},"thumbnailUrl":"https:\/\/www.canalchat.com\/fr\/wp-content\/uploads\/2019\/03\/wef-newsletter-2019.jpg","keywords":["Forum"],"articleSection":["Format"],"inLanguage":"fr-FR"},{"@type":"WebPage","@id":"https:\/\/www.canalchat.com\/fr\/le-forum-de-davos-comme-si-vous-y-etiez\/","url":"https:\/\/www.canalchat.com\/fr\/le-forum-de-davos-comme-si-vous-y-etiez\/","name":"Le Forum de Davos comme si vous y \u00e9tiez - Canalchat Grandialogue","isPartOf":{"@id":"https:\/\/www.canalchat.com\/fr\/#website"},"primaryImageOfPage":{"@id":"https:\/\/www.canalchat.com\/fr\/le-forum-de-davos-comme-si-vous-y-etiez\/#primaryimage"},"image":{"@id":"https:\/\/www.canalchat.com\/fr\/le-forum-de-davos-comme-si-vous-y-etiez\/#primaryimage"},"thumbnailUrl":"https:\/\/www.canalchat.com\/fr\/wp-content\/uploads\/2019\/03\/wef-newsletter-2019.jpg","datePublished":"2019-01-28T10:37:00+00:00","dateModified":"2025-09-24T07:56:46+00:00","description":"Canalchat Grandialogue, sp\u00e9cialiste des webconf\u00e9rences, est aux manettes du streaming du Forum de Davos organis\u00e9 par le World Economic Forum.","breadcrumb":{"@id":"https:\/\/www.canalchat.com\/fr\/le-forum-de-davos-comme-si-vous-y-etiez\/#breadcrumb"},"inLanguage":"fr-FR","potentialAction":[{"@type":"ReadAction","target":["https:\/\/www.canalchat.com\/fr\/le-forum-de-davos-comme-si-vous-y-etiez\/"]}]},{"@type":"ImageObject","inLanguage":"fr-FR","@id":"https:\/\/www.canalchat.com\/fr\/le-forum-de-davos-comme-si-vous-y-etiez\/#primaryimage","url":"https:\/\/www.canalchat.com\/fr\/wp-content\/uploads\/2019\/03\/wef-newsletter-2019.jpg","contentUrl":"https:\/\/www.canalchat.com\/fr\/wp-content\/uploads\/2019\/03\/wef-newsletter-2019.jpg","width":1500,"height":1000,"caption":"Canalchat au Forum de Davos organis\u00e9 par le World Economic Forum"},{"@type":"BreadcrumbList","@id":"https:\/\/www.canalchat.com\/fr\/le-forum-de-davos-comme-si-vous-y-etiez\/#breadcrumb","itemListElement":[{"@type":"ListItem","position":1,"name":"Accueil","item":"https:\/\/www.canalchat.com\/fr\/"},{"@type":"ListItem","position":2,"name":"Format","item":"https:\/\/www.canalchat.com\/fr\/format\/"},{"@type":"ListItem","position":3,"name":"Le Forum de Davos comme si vous y \u00e9tiez"}]},{"@type":"WebSite","@id":"https:\/\/www.canalchat.com\/fr\/#website","url":"https:\/\/www.canalchat.com\/fr\/","name":"Canalchat Grandialogue","description":"Cr\u00e9ateur d&#039;interactivit\u00e9 en direct","publisher":{"@id":"https:\/\/www.canalchat.com\/fr\/#organization"},"alternateName":"Canalchat","potentialAction":[{"@type":"SearchAction","target":{"@type":"EntryPoint","urlTemplate":"https:\/\/www.canalchat.com\/fr\/?s={search_term_string}"},"query-input":{"@type":"PropertyValueSpecification","valueRequired":true,"valueName":"search_term_string"}}],"inLanguage":"fr-FR"},{"@type":"Organization","@id":"https:\/\/www.canalchat.com\/fr\/#organization","name":"Canalchat Grandialogue","alternateName":"Canalchat","url":"https:\/\/www.canalchat.com\/fr\/","logo":{"@type":"ImageObject","inLanguage":"fr-FR","@id":"https:\/\/www.canalchat.com\/fr\/#\/schema\/logo\/image\/","url":"https:\/\/www.canalchat.com\/fr\/wp-content\/uploads\/2023\/07\/Guillemets-1.jpeg","contentUrl":"https:\/\/www.canalchat.com\/fr\/wp-content\/uploads\/2023\/07\/Guillemets-1.jpeg","width":200,"height":200,"caption":"Canalchat Grandialogue"},"image":{"@id":"https:\/\/www.canalchat.com\/fr\/#\/schema\/logo\/image\/"},"sameAs":["https:\/\/www.facebook.com\/CanalchatGrandialogue","https:\/\/x.com\/Canalchat","https:\/\/www.linkedin.com\/company\/canalchat_grandialogue","https:\/\/www.instagram.com\/canalchat","https:\/\/www.tiktok.com\/@canalchatgrandialogue","https:\/\/www.youtube.com\/Canalchat","https:\/\/fr.pinterest.com\/canalchat\/"],"description":"Canalchat Grandialogue cr\u00e9e et produit des \u00e9v\u00e8nements vid\u00e9o en direct, avec de l\u2019interactivit\u00e9.\u200b Nous r\u00e9alisons et diffusons des formats d\u2019\u00e9mission live pour interagir avec vos audiences.\u200b","email":"redaction@canalchat.fr","telephone":"01 55 28 83 11","legalName":"Canalchat Grandialogue","foundingDate":"1999-10-01","vatID":"FR 17477742688","taxID":"477 742 688 00047","numberOfEmployees":{"@type":"QuantitativeValue","minValue":"11","maxValue":"50"},"publishingPrinciples":"https:\/\/www.canalchat.com\/fr\/evenementiel\/"},{"@type":"Person","@id":"https:\/\/www.canalchat.com\/fr\/#\/schema\/person\/a272e19fc2d521e13f88fa4b2d139506","name":"Canalchat","sameAs":["https:\/\/www.canalchat.com\/fr","https:\/\/www.linkedin.com\/company\/canalchat_grandialogue\/"]}]}},"_links":{"self":[{"href":"https:\/\/www.canalchat.com\/fr\/wp-json\/wp\/v2\/posts\/4107","targetHints":{"allow":["GET"]}}],"collection":[{"href":"https:\/\/www.canalchat.com\/fr\/wp-json\/wp\/v2\/posts"}],"about":[{"href":"https:\/\/www.canalchat.com\/fr\/wp-json\/wp\/v2\/types\/post"}],"author":[{"embeddable":true,"href":"https:\/\/www.canalchat.com\/fr\/wp-json\/wp\/v2\/users\/1"}],"replies":[{"embeddable":true,"href":"https:\/\/www.canalchat.com\/fr\/wp-json\/wp\/v2\/comments?post=4107"}],"version-history":[{"count":1,"href":"https:\/\/www.canalchat.com\/fr\/wp-json\/wp\/v2\/posts\/4107\/revisions"}],"predecessor-version":[{"id":9394,"href":"https:\/\/www.canalchat.com\/fr\/wp-json\/wp\/v2\/posts\/4107\/revisions\/9394"}],"wp:featuredmedia":[{"embeddable":true,"href":"https:\/\/www.canalchat.com\/fr\/wp-json\/wp\/v2\/media\/4108"}],"wp:attachment":[{"href":"https:\/\/www.canalchat.com\/fr\/wp-json\/wp\/v2\/media?parent=4107"}],"wp:term":[{"taxonomy":"category","embeddable":true,"href":"https:\/\/www.canalchat.com\/fr\/wp-json\/wp\/v2\/categories?post=4107"},{"taxonomy":"post_tag","embeddable":true,"href":"https:\/\/www.canalchat.com\/fr\/wp-json\/wp\/v2\/tags?post=4107"}],"curies":[{"name":"wp","href":"https:\/\/api.w.org\/{rel}","templated":true}]}}