{"id":3403,"date":"2017-11-30T17:10:47","date_gmt":"2017-11-30T16:10:47","guid":{"rendered":"https:\/\/www.canalchat.com\/fr\/?p=3403"},"modified":"2024-03-11T12:34:31","modified_gmt":"2024-03-11T11:34:31","slug":"le-pdg-repond-en-direct-a-ses-salaries","status":"publish","type":"post","link":"https:\/\/www.canalchat.com\/fr\/le-pdg-repond-en-direct-a-ses-salaries\/","title":{"rendered":"Le PDG r\u00e9pond en direct \u00e0 ses salari\u00e9s"},"content":{"rendered":"<p>Le PDG r\u00e9pond en direct \u00e0 ses salari\u00e9s. C&rsquo;\u00e9tait le jeudi 30 novembre 2017. Fran\u00e7ois P\u00e9rol, pr\u00e9sident du directoire du Groupe BPCE, a r\u00e9pondu en direct aux questions de ses collaborateurs au sujet du nouveau plan strat\u00e9gique du groupe, TEC 2020.<\/p>\n<div id=\"attachment_3416\" style=\"width: 630px\" class=\"wp-caption aligncenter\"><img loading=\"lazy\" decoding=\"async\" aria-describedby=\"caption-attachment-3416\" class=\"wp-image-3416 size-full\" src=\"https:\/\/www.canalchat.com\/fr\/wp-content\/uploads\/2017\/12\/BPCE.jpg\" alt=\"\" width=\"620\" height=\"285\" srcset=\"https:\/\/www.canalchat.com\/fr\/wp-content\/uploads\/2017\/12\/BPCE.jpg 620w, https:\/\/www.canalchat.com\/fr\/wp-content\/uploads\/2017\/12\/BPCE-300x138.jpg 300w, https:\/\/www.canalchat.com\/fr\/wp-content\/uploads\/2017\/12\/BPCE-400x184.jpg 400w, https:\/\/www.canalchat.com\/fr\/wp-content\/uploads\/2017\/12\/BPCE-430x198.jpg 430w, https:\/\/www.canalchat.com\/fr\/wp-content\/uploads\/2017\/12\/BPCE-150x69.jpg 150w, https:\/\/www.canalchat.com\/fr\/wp-content\/uploads\/2017\/12\/BPCE-100x46.jpg 100w\" sizes=\"auto, (max-width: 620px) 100vw, 620px\" \/><p id=\"caption-attachment-3416\" class=\"wp-caption-text\">Fran\u00e7ois P\u00e9rol, pr\u00e9sident du directoire du Groupe BPCE<\/p><\/div>\n<p>Le jeudi 30 novembre 2017, <a href=\"https:\/\/fr.wikipedia.org\/wiki\/Fran\u00e7ois_P\u00e9rol\" target=\"_blank\" rel=\"noopener\">Fran\u00e7ois P\u00e9rol<\/a>, pr\u00e9sident du directoire du Groupe BPCE, a r\u00e9pondu en direct aux questions de ses collaborateurs au sujet du nouveau plan strat\u00e9gique du groupe, TEC 2020. Cet habitu\u00e9 du <a href=\"https:\/\/www.canalchat.com\/fr\/webchat\/\" target=\"_blank\" rel=\"noopener\">tchat<\/a> (il tape lui-m\u00eame ses r\u00e9ponses comme pour la dizaine d&rsquo;\u00e9v\u00e9nements pr\u00e9c\u00e9dents) est amateur d&rsquo;un dialogue interne transparent. Il l&rsquo;a une nouvelle fois prouv\u00e9 en \u00e9changeant sans tabous avec les intranautes sur des sujets aussi vari\u00e9s que la r\u00e9volution digitale, les ressources humaines ou les perspectives d&rsquo;avenir pour BPCE. Comme pour tous les exercices ant\u00e9rieurs, il a sollicit\u00e9 les salari\u00e9s du groupe \u00e0 donner leur avis via un questionnaire de satisfaction accessible durant le tchat. Ce n&rsquo;est pas tous les jours qu&rsquo;un PDG r\u00e9pond en direct \u00e0 ses salari\u00e9s !<\/p>\n","protected":false},"excerpt":{"rendered":"<p>Le PDG r\u00e9pond en direct \u00e0 ses salari\u00e9s. C&rsquo;\u00e9tait le jeudi 30 novembre 2017. Fran\u00e7ois P\u00e9rol, pr\u00e9sident du directoire du Groupe BPCE, a r\u00e9pondu en direct aux questions de ses collaborateurs au sujet du nouveau plan strat\u00e9gique du groupe, TEC 2020. Le jeudi 30 novembre 2017, Fran\u00e7ois P\u00e9rol, pr\u00e9sident du [&hellip;]<\/p>\n","protected":false},"author":1,"featured_media":3416,"comment_status":"closed","ping_status":"open","sticky":false,"template":"","format":"standard","meta":{"ngg_post_thumbnail":0,"footnotes":""},"categories":[294],"tags":[395],"class_list":["post-3403","post","type-post","status-publish","format-standard","has-post-thumbnail","hentry","category-interactivite-fr","tag-webchat"],"yoast_head":"<!-- This site is optimized with the Yoast SEO Premium plugin v27.5 (Yoast SEO v27.5) - https:\/\/yoast.com\/product\/yoast-seo-premium-wordpress\/ -->\n<title>Le PDG r\u00e9pond en direct \u00e0 ses salari\u00e9s<\/title>\n<meta name=\"description\" content=\"Le PDG r\u00e9pond en direct \u00e0 ses salari\u00e9s, Fran\u00e7ois P\u00e9rol, pr\u00e9sident du directoire du Groupe BPCE, lors de la pr\u00e9sentation du plan strat\u00e9gique.\" \/>\n<meta name=\"robots\" content=\"index, follow, max-snippet:-1, max-image-preview:large, max-video-preview:-1\" \/>\n<link rel=\"canonical\" href=\"https:\/\/www.canalchat.com\/fr\/le-pdg-repond-en-direct-a-ses-salaries\/\" \/>\n<meta property=\"og:locale\" content=\"fr_FR\" \/>\n<meta property=\"og:type\" content=\"article\" \/>\n<meta property=\"og:title\" content=\"Canalchat\" \/>\n<meta property=\"og:description\" content=\"Canalchat Grandialogue, cr\u00e9ateur d&#039;interactivit\u00e9 en direct\" \/>\n<meta property=\"og:url\" content=\"https:\/\/www.canalchat.com\/fr\/le-pdg-repond-en-direct-a-ses-salaries\/\" \/>\n<meta property=\"og:site_name\" content=\"Canalchat Grandialogue\" \/>\n<meta property=\"article:publisher\" content=\"https:\/\/www.facebook.com\/CanalchatGrandialogue\" \/>\n<meta property=\"article:published_time\" content=\"2017-11-30T16:10:47+00:00\" \/>\n<meta property=\"article:modified_time\" content=\"2024-03-11T11:34:31+00:00\" \/>\n<meta property=\"og:image\" content=\"https:\/\/www.canalchat.com\/fr\/wp-content\/uploads\/2017\/12\/BPCE.jpg\" \/>\n\t<meta property=\"og:image:width\" content=\"620\" \/>\n\t<meta property=\"og:image:height\" content=\"285\" \/>\n\t<meta property=\"og:image:type\" content=\"image\/jpeg\" \/>\n<meta name=\"author\" content=\"Canalchat\" \/>\n<meta name=\"twitter:card\" content=\"summary_large_image\" \/>\n<meta name=\"twitter:creator\" content=\"@Canalchat\" \/>\n<meta name=\"twitter:site\" content=\"@Canalchat\" \/>\n<meta name=\"twitter:label1\" content=\"\u00c9crit par\" \/>\n\t<meta name=\"twitter:data1\" content=\"Canalchat\" \/>\n\t<meta name=\"twitter:label2\" content=\"Dur\u00e9e de lecture estim\u00e9e\" \/>\n\t<meta name=\"twitter:data2\" content=\"2 minutes\" \/>\n<script type=\"application\/ld+json\" class=\"yoast-schema-graph\">{\"@context\":\"https:\\\/\\\/schema.org\",\"@graph\":[{\"@type\":[\"Article\",\"BlogPosting\"],\"@id\":\"https:\\\/\\\/www.canalchat.com\\\/fr\\\/le-pdg-repond-en-direct-a-ses-salaries\\\/#article\",\"isPartOf\":{\"@id\":\"https:\\\/\\\/www.canalchat.com\\\/fr\\\/le-pdg-repond-en-direct-a-ses-salaries\\\/\"},\"author\":{\"name\":\"Canalchat\",\"@id\":\"https:\\\/\\\/www.canalchat.com\\\/fr\\\/#\\\/schema\\\/person\\\/a272e19fc2d521e13f88fa4b2d139506\"},\"headline\":\"Le PDG r\u00e9pond en direct \u00e0 ses salari\u00e9s\",\"datePublished\":\"2017-11-30T16:10:47+00:00\",\"dateModified\":\"2024-03-11T11:34:31+00:00\",\"mainEntityOfPage\":{\"@id\":\"https:\\\/\\\/www.canalchat.com\\\/fr\\\/le-pdg-repond-en-direct-a-ses-salaries\\\/\"},\"wordCount\":213,\"publisher\":{\"@id\":\"https:\\\/\\\/www.canalchat.com\\\/fr\\\/#organization\"},\"image\":{\"@id\":\"https:\\\/\\\/www.canalchat.com\\\/fr\\\/le-pdg-repond-en-direct-a-ses-salaries\\\/#primaryimage\"},\"thumbnailUrl\":\"https:\\\/\\\/www.canalchat.com\\\/fr\\\/wp-content\\\/uploads\\\/2017\\\/12\\\/BPCE.jpg\",\"keywords\":[\"Webchat\"],\"articleSection\":[\"Interactivit\u00e9\"],\"inLanguage\":\"fr-FR\"},{\"@type\":\"WebPage\",\"@id\":\"https:\\\/\\\/www.canalchat.com\\\/fr\\\/le-pdg-repond-en-direct-a-ses-salaries\\\/\",\"url\":\"https:\\\/\\\/www.canalchat.com\\\/fr\\\/le-pdg-repond-en-direct-a-ses-salaries\\\/\",\"name\":\"Le PDG r\u00e9pond en direct \u00e0 ses salari\u00e9s\",\"isPartOf\":{\"@id\":\"https:\\\/\\\/www.canalchat.com\\\/fr\\\/#website\"},\"primaryImageOfPage\":{\"@id\":\"https:\\\/\\\/www.canalchat.com\\\/fr\\\/le-pdg-repond-en-direct-a-ses-salaries\\\/#primaryimage\"},\"image\":{\"@id\":\"https:\\\/\\\/www.canalchat.com\\\/fr\\\/le-pdg-repond-en-direct-a-ses-salaries\\\/#primaryimage\"},\"thumbnailUrl\":\"https:\\\/\\\/www.canalchat.com\\\/fr\\\/wp-content\\\/uploads\\\/2017\\\/12\\\/BPCE.jpg\",\"datePublished\":\"2017-11-30T16:10:47+00:00\",\"dateModified\":\"2024-03-11T11:34:31+00:00\",\"description\":\"Le PDG r\u00e9pond en direct \u00e0 ses salari\u00e9s, Fran\u00e7ois P\u00e9rol, pr\u00e9sident du directoire du Groupe BPCE, lors de la pr\u00e9sentation du plan strat\u00e9gique.\",\"breadcrumb\":{\"@id\":\"https:\\\/\\\/www.canalchat.com\\\/fr\\\/le-pdg-repond-en-direct-a-ses-salaries\\\/#breadcrumb\"},\"inLanguage\":\"fr-FR\",\"potentialAction\":[{\"@type\":\"ReadAction\",\"target\":[\"https:\\\/\\\/www.canalchat.com\\\/fr\\\/le-pdg-repond-en-direct-a-ses-salaries\\\/\"]}]},{\"@type\":\"ImageObject\",\"inLanguage\":\"fr-FR\",\"@id\":\"https:\\\/\\\/www.canalchat.com\\\/fr\\\/le-pdg-repond-en-direct-a-ses-salaries\\\/#primaryimage\",\"url\":\"https:\\\/\\\/www.canalchat.com\\\/fr\\\/wp-content\\\/uploads\\\/2017\\\/12\\\/BPCE.jpg\",\"contentUrl\":\"https:\\\/\\\/www.canalchat.com\\\/fr\\\/wp-content\\\/uploads\\\/2017\\\/12\\\/BPCE.jpg\",\"width\":620,\"height\":285,\"caption\":\"Fran\u00e7ois P\u00e9rol, pr\u00e9sident du directoire du Groupe BPCE\"},{\"@type\":\"BreadcrumbList\",\"@id\":\"https:\\\/\\\/www.canalchat.com\\\/fr\\\/le-pdg-repond-en-direct-a-ses-salaries\\\/#breadcrumb\",\"itemListElement\":[{\"@type\":\"ListItem\",\"position\":1,\"name\":\"Accueil\",\"item\":\"https:\\\/\\\/www.canalchat.com\\\/fr\\\/\"},{\"@type\":\"ListItem\",\"position\":2,\"name\":\"Interactivit\u00e9\",\"item\":\"https:\\\/\\\/www.canalchat.com\\\/fr\\\/interactivite-fr\\\/\"},{\"@type\":\"ListItem\",\"position\":3,\"name\":\"Le PDG r\u00e9pond en direct \u00e0 ses salari\u00e9s\"}]},{\"@type\":\"WebSite\",\"@id\":\"https:\\\/\\\/www.canalchat.com\\\/fr\\\/#website\",\"url\":\"https:\\\/\\\/www.canalchat.com\\\/fr\\\/\",\"name\":\"Canalchat Grandialogue\",\"description\":\"Cr\u00e9ateur d&#039;interactivit\u00e9 en direct\",\"publisher\":{\"@id\":\"https:\\\/\\\/www.canalchat.com\\\/fr\\\/#organization\"},\"alternateName\":\"Canalchat\",\"potentialAction\":[{\"@type\":\"SearchAction\",\"target\":{\"@type\":\"EntryPoint\",\"urlTemplate\":\"https:\\\/\\\/www.canalchat.com\\\/fr\\\/?s={search_term_string}\"},\"query-input\":{\"@type\":\"PropertyValueSpecification\",\"valueRequired\":true,\"valueName\":\"search_term_string\"}}],\"inLanguage\":\"fr-FR\"},{\"@type\":\"Organization\",\"@id\":\"https:\\\/\\\/www.canalchat.com\\\/fr\\\/#organization\",\"name\":\"Canalchat Grandialogue\",\"alternateName\":\"Canalchat\",\"url\":\"https:\\\/\\\/www.canalchat.com\\\/fr\\\/\",\"logo\":{\"@type\":\"ImageObject\",\"inLanguage\":\"fr-FR\",\"@id\":\"https:\\\/\\\/www.canalchat.com\\\/fr\\\/#\\\/schema\\\/logo\\\/image\\\/\",\"url\":\"https:\\\/\\\/www.canalchat.com\\\/fr\\\/wp-content\\\/uploads\\\/2023\\\/07\\\/Guillemets-1.jpeg\",\"contentUrl\":\"https:\\\/\\\/www.canalchat.com\\\/fr\\\/wp-content\\\/uploads\\\/2023\\\/07\\\/Guillemets-1.jpeg\",\"width\":200,\"height\":200,\"caption\":\"Canalchat Grandialogue\"},\"image\":{\"@id\":\"https:\\\/\\\/www.canalchat.com\\\/fr\\\/#\\\/schema\\\/logo\\\/image\\\/\"},\"sameAs\":[\"https:\\\/\\\/www.facebook.com\\\/CanalchatGrandialogue\",\"https:\\\/\\\/x.com\\\/Canalchat\",\"https:\\\/\\\/www.linkedin.com\\\/company\\\/canalchat_grandialogue\",\"https:\\\/\\\/www.instagram.com\\\/canalchat\",\"https:\\\/\\\/www.tiktok.com\\\/@canalchatgrandialogue\",\"https:\\\/\\\/www.youtube.com\\\/Canalchat\",\"https:\\\/\\\/fr.pinterest.com\\\/canalchat\\\/\"],\"description\":\"Canalchat Grandialogue cr\u00e9e et produit des \u00e9v\u00e8nements vid\u00e9o en direct, avec de l\u2019interactivit\u00e9.\u200b Nous r\u00e9alisons et diffusons des formats d\u2019\u00e9mission live pour interagir avec vos audiences.\u200b\",\"email\":\"redaction@canalchat.fr\",\"telephone\":\"01 55 28 83 11\",\"legalName\":\"Canalchat Grandialogue\",\"foundingDate\":\"1999-10-01\",\"vatID\":\"FR 17477742688\",\"taxID\":\"477 742 688 00047\",\"numberOfEmployees\":{\"@type\":\"QuantitativeValue\",\"minValue\":\"11\",\"maxValue\":\"50\"},\"publishingPrinciples\":\"https:\\\/\\\/www.canalchat.com\\\/fr\\\/evenementiel\\\/\"},{\"@type\":\"Person\",\"@id\":\"https:\\\/\\\/www.canalchat.com\\\/fr\\\/#\\\/schema\\\/person\\\/a272e19fc2d521e13f88fa4b2d139506\",\"name\":\"Canalchat\",\"sameAs\":[\"https:\\\/\\\/www.canalchat.com\\\/fr\",\"https:\\\/\\\/www.linkedin.com\\\/company\\\/canalchat_grandialogue\\\/\"]}]}<\/script>\n<!-- \/ Yoast SEO Premium plugin. -->","yoast_head_json":{"title":"Le PDG r\u00e9pond en direct \u00e0 ses salari\u00e9s","description":"Le PDG r\u00e9pond en direct \u00e0 ses salari\u00e9s, Fran\u00e7ois P\u00e9rol, pr\u00e9sident du directoire du Groupe BPCE, lors de la pr\u00e9sentation du plan strat\u00e9gique.","robots":{"index":"index","follow":"follow","max-snippet":"max-snippet:-1","max-image-preview":"max-image-preview:large","max-video-preview":"max-video-preview:-1"},"canonical":"https:\/\/www.canalchat.com\/fr\/le-pdg-repond-en-direct-a-ses-salaries\/","og_locale":"fr_FR","og_type":"article","og_title":"Canalchat","og_description":"Canalchat Grandialogue, cr\u00e9ateur d'interactivit\u00e9 en direct","og_url":"https:\/\/www.canalchat.com\/fr\/le-pdg-repond-en-direct-a-ses-salaries\/","og_site_name":"Canalchat Grandialogue","article_publisher":"https:\/\/www.facebook.com\/CanalchatGrandialogue","article_published_time":"2017-11-30T16:10:47+00:00","article_modified_time":"2024-03-11T11:34:31+00:00","og_image":[{"width":620,"height":285,"url":"https:\/\/www.canalchat.com\/fr\/wp-content\/uploads\/2017\/12\/BPCE.jpg","type":"image\/jpeg"}],"author":"Canalchat","twitter_card":"summary_large_image","twitter_creator":"@Canalchat","twitter_site":"@Canalchat","twitter_misc":{"\u00c9crit par":"Canalchat","Dur\u00e9e de lecture estim\u00e9e":"2 minutes"},"schema":{"@context":"https:\/\/schema.org","@graph":[{"@type":["Article","BlogPosting"],"@id":"https:\/\/www.canalchat.com\/fr\/le-pdg-repond-en-direct-a-ses-salaries\/#article","isPartOf":{"@id":"https:\/\/www.canalchat.com\/fr\/le-pdg-repond-en-direct-a-ses-salaries\/"},"author":{"name":"Canalchat","@id":"https:\/\/www.canalchat.com\/fr\/#\/schema\/person\/a272e19fc2d521e13f88fa4b2d139506"},"headline":"Le PDG r\u00e9pond en direct \u00e0 ses salari\u00e9s","datePublished":"2017-11-30T16:10:47+00:00","dateModified":"2024-03-11T11:34:31+00:00","mainEntityOfPage":{"@id":"https:\/\/www.canalchat.com\/fr\/le-pdg-repond-en-direct-a-ses-salaries\/"},"wordCount":213,"publisher":{"@id":"https:\/\/www.canalchat.com\/fr\/#organization"},"image":{"@id":"https:\/\/www.canalchat.com\/fr\/le-pdg-repond-en-direct-a-ses-salaries\/#primaryimage"},"thumbnailUrl":"https:\/\/www.canalchat.com\/fr\/wp-content\/uploads\/2017\/12\/BPCE.jpg","keywords":["Webchat"],"articleSection":["Interactivit\u00e9"],"inLanguage":"fr-FR"},{"@type":"WebPage","@id":"https:\/\/www.canalchat.com\/fr\/le-pdg-repond-en-direct-a-ses-salaries\/","url":"https:\/\/www.canalchat.com\/fr\/le-pdg-repond-en-direct-a-ses-salaries\/","name":"Le PDG r\u00e9pond en direct \u00e0 ses salari\u00e9s","isPartOf":{"@id":"https:\/\/www.canalchat.com\/fr\/#website"},"primaryImageOfPage":{"@id":"https:\/\/www.canalchat.com\/fr\/le-pdg-repond-en-direct-a-ses-salaries\/#primaryimage"},"image":{"@id":"https:\/\/www.canalchat.com\/fr\/le-pdg-repond-en-direct-a-ses-salaries\/#primaryimage"},"thumbnailUrl":"https:\/\/www.canalchat.com\/fr\/wp-content\/uploads\/2017\/12\/BPCE.jpg","datePublished":"2017-11-30T16:10:47+00:00","dateModified":"2024-03-11T11:34:31+00:00","description":"Le PDG r\u00e9pond en direct \u00e0 ses salari\u00e9s, Fran\u00e7ois P\u00e9rol, pr\u00e9sident du directoire du Groupe BPCE, lors de la pr\u00e9sentation du plan strat\u00e9gique.","breadcrumb":{"@id":"https:\/\/www.canalchat.com\/fr\/le-pdg-repond-en-direct-a-ses-salaries\/#breadcrumb"},"inLanguage":"fr-FR","potentialAction":[{"@type":"ReadAction","target":["https:\/\/www.canalchat.com\/fr\/le-pdg-repond-en-direct-a-ses-salaries\/"]}]},{"@type":"ImageObject","inLanguage":"fr-FR","@id":"https:\/\/www.canalchat.com\/fr\/le-pdg-repond-en-direct-a-ses-salaries\/#primaryimage","url":"https:\/\/www.canalchat.com\/fr\/wp-content\/uploads\/2017\/12\/BPCE.jpg","contentUrl":"https:\/\/www.canalchat.com\/fr\/wp-content\/uploads\/2017\/12\/BPCE.jpg","width":620,"height":285,"caption":"Fran\u00e7ois P\u00e9rol, pr\u00e9sident du directoire du Groupe BPCE"},{"@type":"BreadcrumbList","@id":"https:\/\/www.canalchat.com\/fr\/le-pdg-repond-en-direct-a-ses-salaries\/#breadcrumb","itemListElement":[{"@type":"ListItem","position":1,"name":"Accueil","item":"https:\/\/www.canalchat.com\/fr\/"},{"@type":"ListItem","position":2,"name":"Interactivit\u00e9","item":"https:\/\/www.canalchat.com\/fr\/interactivite-fr\/"},{"@type":"ListItem","position":3,"name":"Le PDG r\u00e9pond en direct \u00e0 ses salari\u00e9s"}]},{"@type":"WebSite","@id":"https:\/\/www.canalchat.com\/fr\/#website","url":"https:\/\/www.canalchat.com\/fr\/","name":"Canalchat Grandialogue","description":"Cr\u00e9ateur d&#039;interactivit\u00e9 en direct","publisher":{"@id":"https:\/\/www.canalchat.com\/fr\/#organization"},"alternateName":"Canalchat","potentialAction":[{"@type":"SearchAction","target":{"@type":"EntryPoint","urlTemplate":"https:\/\/www.canalchat.com\/fr\/?s={search_term_string}"},"query-input":{"@type":"PropertyValueSpecification","valueRequired":true,"valueName":"search_term_string"}}],"inLanguage":"fr-FR"},{"@type":"Organization","@id":"https:\/\/www.canalchat.com\/fr\/#organization","name":"Canalchat Grandialogue","alternateName":"Canalchat","url":"https:\/\/www.canalchat.com\/fr\/","logo":{"@type":"ImageObject","inLanguage":"fr-FR","@id":"https:\/\/www.canalchat.com\/fr\/#\/schema\/logo\/image\/","url":"https:\/\/www.canalchat.com\/fr\/wp-content\/uploads\/2023\/07\/Guillemets-1.jpeg","contentUrl":"https:\/\/www.canalchat.com\/fr\/wp-content\/uploads\/2023\/07\/Guillemets-1.jpeg","width":200,"height":200,"caption":"Canalchat Grandialogue"},"image":{"@id":"https:\/\/www.canalchat.com\/fr\/#\/schema\/logo\/image\/"},"sameAs":["https:\/\/www.facebook.com\/CanalchatGrandialogue","https:\/\/x.com\/Canalchat","https:\/\/www.linkedin.com\/company\/canalchat_grandialogue","https:\/\/www.instagram.com\/canalchat","https:\/\/www.tiktok.com\/@canalchatgrandialogue","https:\/\/www.youtube.com\/Canalchat","https:\/\/fr.pinterest.com\/canalchat\/"],"description":"Canalchat Grandialogue cr\u00e9e et produit des \u00e9v\u00e8nements vid\u00e9o en direct, avec de l\u2019interactivit\u00e9.\u200b Nous r\u00e9alisons et diffusons des formats d\u2019\u00e9mission live pour interagir avec vos audiences.\u200b","email":"redaction@canalchat.fr","telephone":"01 55 28 83 11","legalName":"Canalchat Grandialogue","foundingDate":"1999-10-01","vatID":"FR 17477742688","taxID":"477 742 688 00047","numberOfEmployees":{"@type":"QuantitativeValue","minValue":"11","maxValue":"50"},"publishingPrinciples":"https:\/\/www.canalchat.com\/fr\/evenementiel\/"},{"@type":"Person","@id":"https:\/\/www.canalchat.com\/fr\/#\/schema\/person\/a272e19fc2d521e13f88fa4b2d139506","name":"Canalchat","sameAs":["https:\/\/www.canalchat.com\/fr","https:\/\/www.linkedin.com\/company\/canalchat_grandialogue\/"]}]}},"_links":{"self":[{"href":"https:\/\/www.canalchat.com\/fr\/wp-json\/wp\/v2\/posts\/3403","targetHints":{"allow":["GET"]}}],"collection":[{"href":"https:\/\/www.canalchat.com\/fr\/wp-json\/wp\/v2\/posts"}],"about":[{"href":"https:\/\/www.canalchat.com\/fr\/wp-json\/wp\/v2\/types\/post"}],"author":[{"embeddable":true,"href":"https:\/\/www.canalchat.com\/fr\/wp-json\/wp\/v2\/users\/1"}],"replies":[{"embeddable":true,"href":"https:\/\/www.canalchat.com\/fr\/wp-json\/wp\/v2\/comments?post=3403"}],"version-history":[{"count":4,"href":"https:\/\/www.canalchat.com\/fr\/wp-json\/wp\/v2\/posts\/3403\/revisions"}],"predecessor-version":[{"id":7985,"href":"https:\/\/www.canalchat.com\/fr\/wp-json\/wp\/v2\/posts\/3403\/revisions\/7985"}],"wp:featuredmedia":[{"embeddable":true,"href":"https:\/\/www.canalchat.com\/fr\/wp-json\/wp\/v2\/media\/3416"}],"wp:attachment":[{"href":"https:\/\/www.canalchat.com\/fr\/wp-json\/wp\/v2\/media?parent=3403"}],"wp:term":[{"taxonomy":"category","embeddable":true,"href":"https:\/\/www.canalchat.com\/fr\/wp-json\/wp\/v2\/categories?post=3403"},{"taxonomy":"post_tag","embeddable":true,"href":"https:\/\/www.canalchat.com\/fr\/wp-json\/wp\/v2\/tags?post=3403"}],"curies":[{"name":"wp","href":"https:\/\/api.w.org\/{rel}","templated":true}]}}