{"id":3348,"date":"2017-10-17T16:48:46","date_gmt":"2017-10-17T14:48:46","guid":{"rendered":"https:\/\/www.canalchat.com\/fr\/?p=3348"},"modified":"2024-03-11T11:57:26","modified_gmt":"2024-03-11T10:57:26","slug":"journee-mondiale-de-l-ethique","status":"publish","type":"post","link":"https:\/\/www.canalchat.com\/fr\/journee-mondiale-de-l-ethique\/","title":{"rendered":"Journ\u00e9e Mondiale de l\u2019\u00c9thique : 9\u00e8me journ\u00e9e pour L&rsquo;OR\u00c9AL"},"content":{"rendered":"<p><img loading=\"lazy\" decoding=\"async\" class=\"size-full wp-image-3351 aligncenter\" src=\"https:\/\/www.canalchat.com\/fr\/wp-content\/uploads\/2017\/10\/LOREAL-ETHICS-9TH.jpg\" alt=\"\" width=\"620\" height=\"285\" srcset=\"https:\/\/www.canalchat.com\/fr\/wp-content\/uploads\/2017\/10\/LOREAL-ETHICS-9TH.jpg 620w, https:\/\/www.canalchat.com\/fr\/wp-content\/uploads\/2017\/10\/LOREAL-ETHICS-9TH-300x138.jpg 300w, https:\/\/www.canalchat.com\/fr\/wp-content\/uploads\/2017\/10\/LOREAL-ETHICS-9TH-400x184.jpg 400w, https:\/\/www.canalchat.com\/fr\/wp-content\/uploads\/2017\/10\/LOREAL-ETHICS-9TH-430x198.jpg 430w, https:\/\/www.canalchat.com\/fr\/wp-content\/uploads\/2017\/10\/LOREAL-ETHICS-9TH-150x69.jpg 150w, https:\/\/www.canalchat.com\/fr\/wp-content\/uploads\/2017\/10\/LOREAL-ETHICS-9TH-100x46.jpg 100w\" sizes=\"auto, (max-width: 620px) 100vw, 620px\" \/><\/p>\n<p><strong>Mardi 10 octobre &#8211; Comme chaque ann\u00e9e, l\u2019ensemble des collaborateurs du Groupe L&rsquo;OR\u00c9AL pr\u00e9sent dans 140 pays ont pu participer \u00e0 la Journ\u00e9e Mondiale de l\u2019\u00c9thique (<a href=\"https:\/\/www.canalchat.com\/fr\/journee-speciale\/\" target=\"_blank\" rel=\"noopener\">Ethics Day<\/a>). Cette journ\u00e9e sp\u00e9ciale est devenue une date cl\u00e9 dans le calendrier du Groupe afin d\u2019assurer une continuit\u00e9 de ses engagements en mati\u00e8re de communication interne.<\/strong><\/p>\n<p>L\u2019\u00e9v\u00e9nement central de ce 10 octobre est un webchat avec le Pr\u00e9sident-Directeur G\u00e9n\u00e9ral de L&rsquo;OR\u00c9AL, M. <a href=\"https:\/\/fr.wikipedia.org\/wiki\/Jean-Paul_Agon\" target=\"_blank\" rel=\"noopener\">Jean-Paul Agon,<\/a> qui r\u00e9pond en direct aux questions que lui adressent les collaborateurs sur l\u2019\u00c9thique. Cet \u00e9v\u00e8nement a \u00e9t\u00e9 d\u00e9clin\u00e9 en 3 fois, \u00e0 3 horaires diff\u00e9rentes de la journ\u00e9e, afin que tous les salari\u00e9s du Groupe puissent participer quel que soit leur fuseau horaire.<\/p>\n<p>Dans la foul\u00e9e de son intervention, 42 patrons de pays \u2013 de la Cor\u00e9e \u00e0 la Finlande, du Br\u00e9sil \u00e0 l\u2019Allemagne en passant par les Etats-Unis, la Chine, le Japon ou le Royaume-Uni \u2013 r\u00e9pondaient eux-aussi aux questions des salari\u00e9s sp\u00e9cifiques \u00e0 leur territoire. Et pour la premi\u00e8re fois depuis 8 ans, les patrons de 10 grandes divisions du groupe se sont aussi livr\u00e9s les jours suivants \u00e0 l\u2019exercice du dialogue en direct avec les collaborateurs concern\u00e9s. Pr\u00e8s de 50 000 salari\u00e9s de L&rsquo;OR\u00c9AL se sont ainsi connect\u00e9s \u00e0 au moins un de ces directs.<\/p>\n<p>Bien s\u00fbr, c\u2019est la direction de l\u2019Ethique de L&rsquo;OR\u00c9AL qui \u00e9tait aux manettes, mais nous l\u2019avons accompagn\u00e9e sur les aspects technologiques, logistiques, \u00e9ditoriaux et artistiques pour que cette soixantaine d\u2019\u00e9v\u00e9nements en direct se d\u00e9roulent sans d\u00e9faut et avec ce succ\u00e8s d\u2019audience. Car 50 000 salari\u00e9s d\u2019un groupe mondial qui dialoguent en direct avec leurs plus importants dirigeants sur un th\u00e8me aussi d\u00e9licat que l\u2019\u00e9thique, cela pr\u00e9sente quand m\u00eame toutes les caract\u00e9ristiques d\u2019une v\u00e9ritable r\u00e9volution digitale, mais surtout manag\u00e9riale et participative.<\/p>\n","protected":false},"excerpt":{"rendered":"<p>Mardi 10 octobre &#8211; Comme chaque ann\u00e9e, l\u2019ensemble des collaborateurs du Groupe L&rsquo;OR\u00c9AL pr\u00e9sent dans 140 pays ont pu participer \u00e0 la Journ\u00e9e Mondiale de l\u2019\u00c9thique (Ethics Day). Cette journ\u00e9e sp\u00e9ciale est devenue une date cl\u00e9 dans le calendrier du Groupe afin d\u2019assurer une continuit\u00e9 de ses engagements en mati\u00e8re [&hellip;]<\/p>\n","protected":false},"author":1,"featured_media":3351,"comment_status":"closed","ping_status":"open","sticky":false,"template":"","format":"standard","meta":{"ngg_post_thumbnail":0,"footnotes":""},"categories":[51],"tags":[395],"class_list":["post-3348","post","type-post","status-publish","format-standard","has-post-thumbnail","hentry","category-format","tag-webchat"],"yoast_head":"<!-- This site is optimized with the Yoast SEO Premium plugin v27.5 (Yoast SEO v27.5) - https:\/\/yoast.com\/product\/yoast-seo-premium-wordpress\/ -->\n<title>Journ\u00e9e Mondiale de l\u2019\u00c9thique : 9\u00e8me journ\u00e9e pour L&#039;OR\u00c9AL - Canalchat Grandialogue<\/title>\n<meta name=\"description\" content=\"Comme chaque ann\u00e9e, less collaborateurs du Groupe L&#039;OR\u00c9AL pr\u00e9sent dans 140 pays ont pu participer \u00e0 la Journ\u00e9e Mondiale de l\u2019\u00c9thique.\" \/>\n<meta name=\"robots\" content=\"index, follow, max-snippet:-1, max-image-preview:large, max-video-preview:-1\" \/>\n<link rel=\"canonical\" href=\"https:\/\/www.canalchat.com\/fr\/journee-mondiale-de-l-ethique\/\" \/>\n<meta property=\"og:locale\" content=\"fr_FR\" \/>\n<meta property=\"og:type\" content=\"article\" \/>\n<meta property=\"og:title\" content=\"Canalchat\" \/>\n<meta property=\"og:description\" content=\"Canalchat Grandialogue, cr\u00e9ateur d&#039;interactivit\u00e9 en direct\" \/>\n<meta property=\"og:url\" content=\"https:\/\/www.canalchat.com\/fr\/journee-mondiale-de-l-ethique\/\" \/>\n<meta property=\"og:site_name\" content=\"Canalchat Grandialogue\" \/>\n<meta property=\"article:publisher\" content=\"https:\/\/www.facebook.com\/CanalchatGrandialogue\" \/>\n<meta property=\"article:published_time\" content=\"2017-10-17T14:48:46+00:00\" \/>\n<meta property=\"article:modified_time\" content=\"2024-03-11T10:57:26+00:00\" \/>\n<meta property=\"og:image\" content=\"https:\/\/www.canalchat.com\/fr\/wp-content\/uploads\/2017\/10\/LOREAL-ETHICS-9TH.jpg\" \/>\n\t<meta property=\"og:image:width\" content=\"620\" \/>\n\t<meta property=\"og:image:height\" content=\"285\" \/>\n\t<meta property=\"og:image:type\" content=\"image\/jpeg\" \/>\n<meta name=\"author\" content=\"Canalchat\" \/>\n<meta name=\"twitter:card\" content=\"summary_large_image\" \/>\n<meta name=\"twitter:creator\" content=\"@Canalchat\" \/>\n<meta name=\"twitter:site\" content=\"@Canalchat\" \/>\n<meta name=\"twitter:label1\" content=\"\u00c9crit par\" \/>\n\t<meta name=\"twitter:data1\" content=\"Canalchat\" \/>\n\t<meta name=\"twitter:label2\" content=\"Dur\u00e9e de lecture estim\u00e9e\" \/>\n\t<meta name=\"twitter:data2\" content=\"2 minutes\" \/>\n<script type=\"application\/ld+json\" class=\"yoast-schema-graph\">{\"@context\":\"https:\\\/\\\/schema.org\",\"@graph\":[{\"@type\":[\"Article\",\"BlogPosting\"],\"@id\":\"https:\\\/\\\/www.canalchat.com\\\/fr\\\/journee-mondiale-de-l-ethique\\\/#article\",\"isPartOf\":{\"@id\":\"https:\\\/\\\/www.canalchat.com\\\/fr\\\/journee-mondiale-de-l-ethique\\\/\"},\"author\":{\"name\":\"Canalchat\",\"@id\":\"https:\\\/\\\/www.canalchat.com\\\/fr\\\/#\\\/schema\\\/person\\\/a272e19fc2d521e13f88fa4b2d139506\"},\"headline\":\"Journ\u00e9e Mondiale de l\u2019\u00c9thique : 9\u00e8me journ\u00e9e pour L&rsquo;OR\u00c9AL\",\"datePublished\":\"2017-10-17T14:48:46+00:00\",\"dateModified\":\"2024-03-11T10:57:26+00:00\",\"mainEntityOfPage\":{\"@id\":\"https:\\\/\\\/www.canalchat.com\\\/fr\\\/journee-mondiale-de-l-ethique\\\/\"},\"wordCount\":347,\"publisher\":{\"@id\":\"https:\\\/\\\/www.canalchat.com\\\/fr\\\/#organization\"},\"image\":{\"@id\":\"https:\\\/\\\/www.canalchat.com\\\/fr\\\/journee-mondiale-de-l-ethique\\\/#primaryimage\"},\"thumbnailUrl\":\"https:\\\/\\\/www.canalchat.com\\\/fr\\\/wp-content\\\/uploads\\\/2017\\\/10\\\/LOREAL-ETHICS-9TH.jpg\",\"keywords\":[\"Webchat\"],\"articleSection\":[\"Format\"],\"inLanguage\":\"fr-FR\"},{\"@type\":\"WebPage\",\"@id\":\"https:\\\/\\\/www.canalchat.com\\\/fr\\\/journee-mondiale-de-l-ethique\\\/\",\"url\":\"https:\\\/\\\/www.canalchat.com\\\/fr\\\/journee-mondiale-de-l-ethique\\\/\",\"name\":\"Journ\u00e9e Mondiale de l\u2019\u00c9thique : 9\u00e8me journ\u00e9e pour L'OR\u00c9AL - Canalchat Grandialogue\",\"isPartOf\":{\"@id\":\"https:\\\/\\\/www.canalchat.com\\\/fr\\\/#website\"},\"primaryImageOfPage\":{\"@id\":\"https:\\\/\\\/www.canalchat.com\\\/fr\\\/journee-mondiale-de-l-ethique\\\/#primaryimage\"},\"image\":{\"@id\":\"https:\\\/\\\/www.canalchat.com\\\/fr\\\/journee-mondiale-de-l-ethique\\\/#primaryimage\"},\"thumbnailUrl\":\"https:\\\/\\\/www.canalchat.com\\\/fr\\\/wp-content\\\/uploads\\\/2017\\\/10\\\/LOREAL-ETHICS-9TH.jpg\",\"datePublished\":\"2017-10-17T14:48:46+00:00\",\"dateModified\":\"2024-03-11T10:57:26+00:00\",\"description\":\"Comme chaque ann\u00e9e, less collaborateurs du Groupe L'OR\u00c9AL pr\u00e9sent dans 140 pays ont pu participer \u00e0 la Journ\u00e9e Mondiale de l\u2019\u00c9thique.\",\"breadcrumb\":{\"@id\":\"https:\\\/\\\/www.canalchat.com\\\/fr\\\/journee-mondiale-de-l-ethique\\\/#breadcrumb\"},\"inLanguage\":\"fr-FR\",\"potentialAction\":[{\"@type\":\"ReadAction\",\"target\":[\"https:\\\/\\\/www.canalchat.com\\\/fr\\\/journee-mondiale-de-l-ethique\\\/\"]}]},{\"@type\":\"ImageObject\",\"inLanguage\":\"fr-FR\",\"@id\":\"https:\\\/\\\/www.canalchat.com\\\/fr\\\/journee-mondiale-de-l-ethique\\\/#primaryimage\",\"url\":\"https:\\\/\\\/www.canalchat.com\\\/fr\\\/wp-content\\\/uploads\\\/2017\\\/10\\\/LOREAL-ETHICS-9TH.jpg\",\"contentUrl\":\"https:\\\/\\\/www.canalchat.com\\\/fr\\\/wp-content\\\/uploads\\\/2017\\\/10\\\/LOREAL-ETHICS-9TH.jpg\",\"width\":620,\"height\":285,\"caption\":\"Journ\u00e9e Mondiale de l\u2019\u00c9thique\"},{\"@type\":\"BreadcrumbList\",\"@id\":\"https:\\\/\\\/www.canalchat.com\\\/fr\\\/journee-mondiale-de-l-ethique\\\/#breadcrumb\",\"itemListElement\":[{\"@type\":\"ListItem\",\"position\":1,\"name\":\"Accueil\",\"item\":\"https:\\\/\\\/www.canalchat.com\\\/fr\\\/\"},{\"@type\":\"ListItem\",\"position\":2,\"name\":\"Format\",\"item\":\"https:\\\/\\\/www.canalchat.com\\\/fr\\\/format\\\/\"},{\"@type\":\"ListItem\",\"position\":3,\"name\":\"Journ\u00e9e Mondiale de l\u2019\u00c9thique : 9\u00e8me journ\u00e9e pour L&#8217;OR\u00c9AL\"}]},{\"@type\":\"WebSite\",\"@id\":\"https:\\\/\\\/www.canalchat.com\\\/fr\\\/#website\",\"url\":\"https:\\\/\\\/www.canalchat.com\\\/fr\\\/\",\"name\":\"Canalchat Grandialogue\",\"description\":\"Cr\u00e9ateur d&#039;interactivit\u00e9 en direct\",\"publisher\":{\"@id\":\"https:\\\/\\\/www.canalchat.com\\\/fr\\\/#organization\"},\"alternateName\":\"Canalchat\",\"potentialAction\":[{\"@type\":\"SearchAction\",\"target\":{\"@type\":\"EntryPoint\",\"urlTemplate\":\"https:\\\/\\\/www.canalchat.com\\\/fr\\\/?s={search_term_string}\"},\"query-input\":{\"@type\":\"PropertyValueSpecification\",\"valueRequired\":true,\"valueName\":\"search_term_string\"}}],\"inLanguage\":\"fr-FR\"},{\"@type\":\"Organization\",\"@id\":\"https:\\\/\\\/www.canalchat.com\\\/fr\\\/#organization\",\"name\":\"Canalchat Grandialogue\",\"alternateName\":\"Canalchat\",\"url\":\"https:\\\/\\\/www.canalchat.com\\\/fr\\\/\",\"logo\":{\"@type\":\"ImageObject\",\"inLanguage\":\"fr-FR\",\"@id\":\"https:\\\/\\\/www.canalchat.com\\\/fr\\\/#\\\/schema\\\/logo\\\/image\\\/\",\"url\":\"https:\\\/\\\/www.canalchat.com\\\/fr\\\/wp-content\\\/uploads\\\/2023\\\/07\\\/Guillemets-1.jpeg\",\"contentUrl\":\"https:\\\/\\\/www.canalchat.com\\\/fr\\\/wp-content\\\/uploads\\\/2023\\\/07\\\/Guillemets-1.jpeg\",\"width\":200,\"height\":200,\"caption\":\"Canalchat Grandialogue\"},\"image\":{\"@id\":\"https:\\\/\\\/www.canalchat.com\\\/fr\\\/#\\\/schema\\\/logo\\\/image\\\/\"},\"sameAs\":[\"https:\\\/\\\/www.facebook.com\\\/CanalchatGrandialogue\",\"https:\\\/\\\/x.com\\\/Canalchat\",\"https:\\\/\\\/www.linkedin.com\\\/company\\\/canalchat_grandialogue\",\"https:\\\/\\\/www.instagram.com\\\/canalchat\",\"https:\\\/\\\/www.tiktok.com\\\/@canalchatgrandialogue\",\"https:\\\/\\\/www.youtube.com\\\/Canalchat\",\"https:\\\/\\\/fr.pinterest.com\\\/canalchat\\\/\"],\"description\":\"Canalchat Grandialogue cr\u00e9e et produit des \u00e9v\u00e8nements vid\u00e9o en direct, avec de l\u2019interactivit\u00e9.\u200b Nous r\u00e9alisons et diffusons des formats d\u2019\u00e9mission live pour interagir avec vos audiences.\u200b\",\"email\":\"redaction@canalchat.fr\",\"telephone\":\"01 55 28 83 11\",\"legalName\":\"Canalchat Grandialogue\",\"foundingDate\":\"1999-10-01\",\"vatID\":\"FR 17477742688\",\"taxID\":\"477 742 688 00047\",\"numberOfEmployees\":{\"@type\":\"QuantitativeValue\",\"minValue\":\"11\",\"maxValue\":\"50\"},\"publishingPrinciples\":\"https:\\\/\\\/www.canalchat.com\\\/fr\\\/evenementiel\\\/\"},{\"@type\":\"Person\",\"@id\":\"https:\\\/\\\/www.canalchat.com\\\/fr\\\/#\\\/schema\\\/person\\\/a272e19fc2d521e13f88fa4b2d139506\",\"name\":\"Canalchat\",\"sameAs\":[\"https:\\\/\\\/www.canalchat.com\\\/fr\",\"https:\\\/\\\/www.linkedin.com\\\/company\\\/canalchat_grandialogue\\\/\"]}]}<\/script>\n<!-- \/ Yoast SEO Premium plugin. -->","yoast_head_json":{"title":"Journ\u00e9e Mondiale de l\u2019\u00c9thique : 9\u00e8me journ\u00e9e pour L'OR\u00c9AL - Canalchat Grandialogue","description":"Comme chaque ann\u00e9e, less collaborateurs du Groupe L'OR\u00c9AL pr\u00e9sent dans 140 pays ont pu participer \u00e0 la Journ\u00e9e Mondiale de l\u2019\u00c9thique.","robots":{"index":"index","follow":"follow","max-snippet":"max-snippet:-1","max-image-preview":"max-image-preview:large","max-video-preview":"max-video-preview:-1"},"canonical":"https:\/\/www.canalchat.com\/fr\/journee-mondiale-de-l-ethique\/","og_locale":"fr_FR","og_type":"article","og_title":"Canalchat","og_description":"Canalchat Grandialogue, cr\u00e9ateur d'interactivit\u00e9 en direct","og_url":"https:\/\/www.canalchat.com\/fr\/journee-mondiale-de-l-ethique\/","og_site_name":"Canalchat Grandialogue","article_publisher":"https:\/\/www.facebook.com\/CanalchatGrandialogue","article_published_time":"2017-10-17T14:48:46+00:00","article_modified_time":"2024-03-11T10:57:26+00:00","og_image":[{"width":620,"height":285,"url":"https:\/\/www.canalchat.com\/fr\/wp-content\/uploads\/2017\/10\/LOREAL-ETHICS-9TH.jpg","type":"image\/jpeg"}],"author":"Canalchat","twitter_card":"summary_large_image","twitter_creator":"@Canalchat","twitter_site":"@Canalchat","twitter_misc":{"\u00c9crit par":"Canalchat","Dur\u00e9e de lecture estim\u00e9e":"2 minutes"},"schema":{"@context":"https:\/\/schema.org","@graph":[{"@type":["Article","BlogPosting"],"@id":"https:\/\/www.canalchat.com\/fr\/journee-mondiale-de-l-ethique\/#article","isPartOf":{"@id":"https:\/\/www.canalchat.com\/fr\/journee-mondiale-de-l-ethique\/"},"author":{"name":"Canalchat","@id":"https:\/\/www.canalchat.com\/fr\/#\/schema\/person\/a272e19fc2d521e13f88fa4b2d139506"},"headline":"Journ\u00e9e Mondiale de l\u2019\u00c9thique : 9\u00e8me journ\u00e9e pour L&rsquo;OR\u00c9AL","datePublished":"2017-10-17T14:48:46+00:00","dateModified":"2024-03-11T10:57:26+00:00","mainEntityOfPage":{"@id":"https:\/\/www.canalchat.com\/fr\/journee-mondiale-de-l-ethique\/"},"wordCount":347,"publisher":{"@id":"https:\/\/www.canalchat.com\/fr\/#organization"},"image":{"@id":"https:\/\/www.canalchat.com\/fr\/journee-mondiale-de-l-ethique\/#primaryimage"},"thumbnailUrl":"https:\/\/www.canalchat.com\/fr\/wp-content\/uploads\/2017\/10\/LOREAL-ETHICS-9TH.jpg","keywords":["Webchat"],"articleSection":["Format"],"inLanguage":"fr-FR"},{"@type":"WebPage","@id":"https:\/\/www.canalchat.com\/fr\/journee-mondiale-de-l-ethique\/","url":"https:\/\/www.canalchat.com\/fr\/journee-mondiale-de-l-ethique\/","name":"Journ\u00e9e Mondiale de l\u2019\u00c9thique : 9\u00e8me journ\u00e9e pour L'OR\u00c9AL - Canalchat Grandialogue","isPartOf":{"@id":"https:\/\/www.canalchat.com\/fr\/#website"},"primaryImageOfPage":{"@id":"https:\/\/www.canalchat.com\/fr\/journee-mondiale-de-l-ethique\/#primaryimage"},"image":{"@id":"https:\/\/www.canalchat.com\/fr\/journee-mondiale-de-l-ethique\/#primaryimage"},"thumbnailUrl":"https:\/\/www.canalchat.com\/fr\/wp-content\/uploads\/2017\/10\/LOREAL-ETHICS-9TH.jpg","datePublished":"2017-10-17T14:48:46+00:00","dateModified":"2024-03-11T10:57:26+00:00","description":"Comme chaque ann\u00e9e, less collaborateurs du Groupe L'OR\u00c9AL pr\u00e9sent dans 140 pays ont pu participer \u00e0 la Journ\u00e9e Mondiale de l\u2019\u00c9thique.","breadcrumb":{"@id":"https:\/\/www.canalchat.com\/fr\/journee-mondiale-de-l-ethique\/#breadcrumb"},"inLanguage":"fr-FR","potentialAction":[{"@type":"ReadAction","target":["https:\/\/www.canalchat.com\/fr\/journee-mondiale-de-l-ethique\/"]}]},{"@type":"ImageObject","inLanguage":"fr-FR","@id":"https:\/\/www.canalchat.com\/fr\/journee-mondiale-de-l-ethique\/#primaryimage","url":"https:\/\/www.canalchat.com\/fr\/wp-content\/uploads\/2017\/10\/LOREAL-ETHICS-9TH.jpg","contentUrl":"https:\/\/www.canalchat.com\/fr\/wp-content\/uploads\/2017\/10\/LOREAL-ETHICS-9TH.jpg","width":620,"height":285,"caption":"Journ\u00e9e Mondiale de l\u2019\u00c9thique"},{"@type":"BreadcrumbList","@id":"https:\/\/www.canalchat.com\/fr\/journee-mondiale-de-l-ethique\/#breadcrumb","itemListElement":[{"@type":"ListItem","position":1,"name":"Accueil","item":"https:\/\/www.canalchat.com\/fr\/"},{"@type":"ListItem","position":2,"name":"Format","item":"https:\/\/www.canalchat.com\/fr\/format\/"},{"@type":"ListItem","position":3,"name":"Journ\u00e9e Mondiale de l\u2019\u00c9thique : 9\u00e8me journ\u00e9e pour L&#8217;OR\u00c9AL"}]},{"@type":"WebSite","@id":"https:\/\/www.canalchat.com\/fr\/#website","url":"https:\/\/www.canalchat.com\/fr\/","name":"Canalchat Grandialogue","description":"Cr\u00e9ateur d&#039;interactivit\u00e9 en direct","publisher":{"@id":"https:\/\/www.canalchat.com\/fr\/#organization"},"alternateName":"Canalchat","potentialAction":[{"@type":"SearchAction","target":{"@type":"EntryPoint","urlTemplate":"https:\/\/www.canalchat.com\/fr\/?s={search_term_string}"},"query-input":{"@type":"PropertyValueSpecification","valueRequired":true,"valueName":"search_term_string"}}],"inLanguage":"fr-FR"},{"@type":"Organization","@id":"https:\/\/www.canalchat.com\/fr\/#organization","name":"Canalchat Grandialogue","alternateName":"Canalchat","url":"https:\/\/www.canalchat.com\/fr\/","logo":{"@type":"ImageObject","inLanguage":"fr-FR","@id":"https:\/\/www.canalchat.com\/fr\/#\/schema\/logo\/image\/","url":"https:\/\/www.canalchat.com\/fr\/wp-content\/uploads\/2023\/07\/Guillemets-1.jpeg","contentUrl":"https:\/\/www.canalchat.com\/fr\/wp-content\/uploads\/2023\/07\/Guillemets-1.jpeg","width":200,"height":200,"caption":"Canalchat Grandialogue"},"image":{"@id":"https:\/\/www.canalchat.com\/fr\/#\/schema\/logo\/image\/"},"sameAs":["https:\/\/www.facebook.com\/CanalchatGrandialogue","https:\/\/x.com\/Canalchat","https:\/\/www.linkedin.com\/company\/canalchat_grandialogue","https:\/\/www.instagram.com\/canalchat","https:\/\/www.tiktok.com\/@canalchatgrandialogue","https:\/\/www.youtube.com\/Canalchat","https:\/\/fr.pinterest.com\/canalchat\/"],"description":"Canalchat Grandialogue cr\u00e9e et produit des \u00e9v\u00e8nements vid\u00e9o en direct, avec de l\u2019interactivit\u00e9.\u200b Nous r\u00e9alisons et diffusons des formats d\u2019\u00e9mission live pour interagir avec vos audiences.\u200b","email":"redaction@canalchat.fr","telephone":"01 55 28 83 11","legalName":"Canalchat Grandialogue","foundingDate":"1999-10-01","vatID":"FR 17477742688","taxID":"477 742 688 00047","numberOfEmployees":{"@type":"QuantitativeValue","minValue":"11","maxValue":"50"},"publishingPrinciples":"https:\/\/www.canalchat.com\/fr\/evenementiel\/"},{"@type":"Person","@id":"https:\/\/www.canalchat.com\/fr\/#\/schema\/person\/a272e19fc2d521e13f88fa4b2d139506","name":"Canalchat","sameAs":["https:\/\/www.canalchat.com\/fr","https:\/\/www.linkedin.com\/company\/canalchat_grandialogue\/"]}]}},"_links":{"self":[{"href":"https:\/\/www.canalchat.com\/fr\/wp-json\/wp\/v2\/posts\/3348","targetHints":{"allow":["GET"]}}],"collection":[{"href":"https:\/\/www.canalchat.com\/fr\/wp-json\/wp\/v2\/posts"}],"about":[{"href":"https:\/\/www.canalchat.com\/fr\/wp-json\/wp\/v2\/types\/post"}],"author":[{"embeddable":true,"href":"https:\/\/www.canalchat.com\/fr\/wp-json\/wp\/v2\/users\/1"}],"replies":[{"embeddable":true,"href":"https:\/\/www.canalchat.com\/fr\/wp-json\/wp\/v2\/comments?post=3348"}],"version-history":[{"count":3,"href":"https:\/\/www.canalchat.com\/fr\/wp-json\/wp\/v2\/posts\/3348\/revisions"}],"predecessor-version":[{"id":7968,"href":"https:\/\/www.canalchat.com\/fr\/wp-json\/wp\/v2\/posts\/3348\/revisions\/7968"}],"wp:featuredmedia":[{"embeddable":true,"href":"https:\/\/www.canalchat.com\/fr\/wp-json\/wp\/v2\/media\/3351"}],"wp:attachment":[{"href":"https:\/\/www.canalchat.com\/fr\/wp-json\/wp\/v2\/media?parent=3348"}],"wp:term":[{"taxonomy":"category","embeddable":true,"href":"https:\/\/www.canalchat.com\/fr\/wp-json\/wp\/v2\/categories?post=3348"},{"taxonomy":"post_tag","embeddable":true,"href":"https:\/\/www.canalchat.com\/fr\/wp-json\/wp\/v2\/tags?post=3348"}],"curies":[{"name":"wp","href":"https:\/\/api.w.org\/{rel}","templated":true}]}}